{"id":53070,"date":"2026-09-01T19:34:52","date_gmt":"2026-09-01T15:34:52","guid":{"rendered":"https:\/\/edebiyyat-az.com\/?p=53070"},"modified":"2026-09-01T19:34:52","modified_gmt":"2026-09-01T15:34:52","slug":"susa-sevdali-s%c9%99tirl%c9%99r","status":"publish","type":"post","link":"https:\/\/edebiyyat-az.com\/?p=53070","title":{"rendered":"\u015eu\u015fa sevdal\u0131 s\u0259tirl\u0259r"},"content":{"rendered":"\n<p class=\"has-text-align-right wp-block-paragraph\"><\/p>\n\n\n\n<p class=\"wp-block-paragraph\">       <strong>\u015eu\u015fa&#8230; D\u00f6rd h\u0259rfin-iki hecan\u0131n h\u0259r dilimiz\u0259 g\u0259l\u0259nd\u0259 bizi duy\u011fular\u0131n \u0259nginliyin\u0259 ataca\u011f\u0131n\u0131, b\u0259lk\u0259, t\u0259s\u0259vv\u00fcr\u0259 bel\u0259 g\u0259tirm\u0259zdik, h\u0259rfl\u0259ri, s\u00f6zl\u0259ri t\u0259z\u0259-t\u0259z\u0259 tan\u0131ma\u011fa ba\u015flayark\u0259n&#8230;<\/strong><\/p>\n\n\n\n<p class=\"wp-block-paragraph\">       <strong>\u201cSevirs\u0259ns\u0259,<\/strong><\/p>\n\n\n\n<p class=\"wp-block-paragraph\">       <strong>Ya\u011f\u0131\u015f\u0131 \u00e7\u0259tirsiz sev,<\/strong><\/p>\n\n\n\n<p class=\"wp-block-paragraph\">       <strong>\u00c7i\u00e7\u0259kl\u0259ri \u0259tirsiz&#8230;\u201d-deyir Vasif Z\u00f6hrabo\u011flu&#8230; \u018fsl sevgi budur!<\/strong><\/p>\n\n\n\n<p class=\"wp-block-paragraph\">       <strong>Biz \u015eu\u015fan\u0131 do\u011fmal\u0131\u011f\u0131n\u0131n istisiyl\u0259 d\u0259 sevdik, h\u0259sr\u0259tinin saza\u011f\u0131yla da&#8230; V\u00fcsal\u0131 ona g\u00f6r\u0259 \u00f6mr\u0259 s\u0131\u011fmayan duy\u011fular yaratd\u0131!\u00a0 Haqq a\u015fiqi sevdas\u0131d\u0131 Az\u0259rbaycan xalq\u0131n\u0131n \u00fcr\u0259yind\u0259ki \u015eu\u015fa sevdas\u0131!<\/strong><\/p>\n\n\n\n<p class=\"wp-block-paragraph\">       <strong>Bu g\u00fcn oxuculara t\u0259qdim olunan 2 \u015feirin m\u00fc\u0259llifi \u015eu\u015fada d\u00fcnyaya g\u00f6z a\u00e7\u0131b&#8230; 1951-ci ild\u0259 d\u00fcnyayla salamla\u015fan \u018fliyeva \u0130lduz\u0259 M\u0259h\u0259mm\u0259d q\u0131z\u0131\u00a0 do\u011fma \u015f\u0259h\u0259rind\u0259ki M.\u018fzizb\u0259yov ad\u0131na Pedaqoji\u00a0 Texnikumu f\u0259rql\u0259nm\u0259 diplomu il\u0259 bitirib (1969-1971).<\/strong><\/p>\n\n\n\n<p class=\"wp-block-paragraph\">       <strong>\u0130lduz\u0259 \u018fliyeva 1971-ci ild\u0259 \u00a0M\u0259d\u0259niyy\u0259t \u015f\u00f6b\u0259sind\u0259 metodist i\u015fl\u0259yib.\u00a0 1972-ci ild\u0259n \u015eu\u015fa\u00a0 1 \u2116-li u\u015faq ba\u011f\u00e7as\u0131n\u0131n m\u0259kt\u0259b\u0259q\u0259d\u0259r haz\u0131rl\u0131q qrupunda\u00a0\u00a0 m\u00fc\u0259llim olub.<\/strong><\/p>\n\n\n\n<p class=\"wp-block-paragraph\">       <strong>1992-ci ild\u0259n 2016-c\u0131 il\u0259d\u0259k\u00a0 Ming\u0259\u00e7evir \u015f\u0259h\u0259rind\u0259 yerl\u0259\u015f\u0259n 20 sayl\u0131 \u015eu\u015fa m\u0259kt\u0259bind\u0259\u00a0 m\u00fc\u0259llim i\u015fl\u0259yib.<\/strong><\/p>\n\n\n\n<p class=\"wp-block-paragraph\">       <strong>G\u0259nclik ill\u0259rind\u0259n \u015feirl\u0259r yazma\u011fa ba\u015flay\u0131b. D\u00f6vri m\u0259tbuatda yarad\u0131c\u0131l\u0131q n\u00fcmun\u0259l\u0259ri il\u0259 \u00e7\u0131x\u0131\u015f edib.<\/strong><\/p>\n\n\n\n<p class=\"wp-block-paragraph\">       <strong>\u00a0\u201c\u015eu\u015fas\u0131z divan\u0259y\u0259m\u201d, \u201cYurdumun bir qayas\u0131 olayd\u0131m\u201d v\u0259 \u201cV\u0259t\u0259n sevdal\u0131yam\u201d adl\u0131 kitablar\u0131n m\u00fc\u0259llifidir. \u00a0Haz\u0131rda t\u0259qa\u00fcd\u00e7\u00fcd\u00fcr.\u00a0 \u00dc\u00e7 \u00f6vlad\u0131 var.<\/strong><\/p>\n\n\n\n<p class=\"wp-block-paragraph\">       <strong>\u015eu\u015fas\u0131z ke\u00e7irdiyi ill\u0259rd\u0259 q\u0259l\u0259m\u0259 ald\u0131\u011f\u0131 \u015feirl\u0259rl\u0259 h\u0259m \u00f6z k\u00f6nl\u00fcn\u00fc ovutma\u011fa \u00e7al\u0131\u015f\u0131b, h\u0259m d\u0259 oxucular\u0131n\u0131n&#8230; H\u0259rd\u0259n d\u0259, \u015feirl\u0259rini u\u00e7an durnalara p\u0131\u00e7\u0131lday\u0131b, qanad s\u0259sl\u0259rin\u0259 hopdurub \u015eu\u015faya apars\u0131nlar dey\u0259&#8230; \u0130ndi-\u015eu\u015fan\u0131n m\u00f6ht\u0259\u015f\u0259m v\u00fcsal\u0131n\u0131n anbaan t\u0259z\u0259l\u0259n\u0259n duy\u011fular\u0131n\u0131n k\u00f6n\u00fclox\u015fayan s\u0259dalar\u0131 alt\u0131nda bel\u0259, \u0130lduz\u0259 xan\u0131m h\u0259sr\u0259tli \u015feirl\u0259rini t\u0259krarlamaqdan yorulmur. \u201cH\u0259sr\u0259ti unudan v\u00fcsal\u0131n q\u0259drini bilm\u0259z!\u201d-deyir&#8230;<\/strong><\/p>\n\n\n\n<p class=\"has-text-align-center wp-block-paragraph\"><strong>&nbsp;&nbsp;&nbsp;&nbsp;&nbsp;&nbsp;&nbsp; &nbsp;\u015eU\u015eA G\u00d6Z\u018fLD\u0130R<br><br><\/strong>Zirv\u0259d\u0259 qartal\u0131, d\u00fczd\u0259&nbsp; maral\u0131,<br>G\u00f6ld\u0259 \u00f6rd\u0259kl\u0259ri, qaz\u0131 g\u00f6z\u0259ldir.<br>Pay\u0131z\u0131 bir ba\u015fqa, q\u0131\u015f\u0131 bir ba\u015fqa,<br>Yay\u0131na qurbanam, yaz\u0131 g\u00f6z\u0259ldir.<\/p>\n\n\n\n<p class=\"has-text-align-center wp-block-paragraph\">Ya\u011f\u0131\u015fdan sonrak\u0131 a\u00e7\u0131q s\u0259man\u0131n,<br>Q\u00f6vs\u00fc-q\u00fczehlisi, naz\u0131 g\u00f6z\u0259ldir.<br>\u0130sa bula\u011f\u0131nda, C\u0131d\u0131r d\u00fcz\u00fcnd\u0259,<br>Mu\u011fam\u0131, kaman\u0131, saz\u0131 g\u00f6z\u0259ldir,<br>\u015eu\u015fa ba\u015fdan-ba\u015fa \u00f6z\u00fc g\u00f6z\u0259ldir.<\/p>\n\n\n\n<p class=\"has-text-align-center wp-block-paragraph\"><strong> DARIXIRAM<br><br><\/strong>Yaman dar\u0131x\u0131ram m\u0259n s\u0259nsiz, yaman,<br>\u018fsir k\u00f6nl\u00fcm \u0259sir d\u00fc\u015f\u00fcb hicrana.<br>D\u0259rd-q\u0259m d\u0259 birc\u0259 an verm\u0259yib aman,<br>V\u00fcsal an\u0131 t\u0259kc\u0259 qal\u0131b g\u00fcmana.<br><br>D\u00fc\u015fm\u0259n al\u0131b obalar\u0131- ell\u0259ri,<br>La\u00e7\u0131n k\u00fcs\u0259r, Sar\u0131 babam qan a\u011flar&#8230;<br>\u015eu\u015fam\u0131zda \u0259sir x\u0259zan yell\u0259ri,<br>K\u0259lb\u0259c\u0259rim qara gey\u0259r, g\u00f6y ba\u011flar.<br><br>\u00c7\u0259rxi \u00e7\u00f6ns\u00fcn bu f\u0259l\u0259yin t\u0259rsin\u0259<br>D\u00fc\u015fm\u0259n qals\u0131n \u00f6z ba\u015f\u0131n\u0131n h\u0259\u015frin\u0259.<br>Ell\u0259r k\u00f6\u00e7s\u00fcn obas\u0131na, elin\u0259,<br>\u015eeir yaz\u0131m\u00a0 v\u0259t\u0259n q\u0259l\u0259b\u0259sin\u0259.<\/p>\n\n\n\n<p class=\"has-text-align-right wp-block-paragraph\"><strong><em>T\u0259qdim etdil\u0259r: \u018fntiq\u0259 S\u0259m\u0259nd\u0259r-K\u0259rimzad\u0259<\/em><\/strong>, <strong><em>\u015e\u0259fa V\u0259li<\/em><\/strong><\/p>\n\n\n<div class=\"wp-block-image\">\n<figure class=\"aligncenter size-large\"><a href=\"https:\/\/edebiyyat-az.com\/wp-content\/uploads\/2026\/09\/WhatsApp-Image-2026-09-01-at-18.42.58.jpeg\"><img loading=\"lazy\" decoding=\"async\" width=\"472\" height=\"1024\" src=\"https:\/\/edebiyyat-az.com\/wp-content\/uploads\/2026\/09\/WhatsApp-Image-2026-09-01-at-18.42.58-472x1024.jpeg\" alt=\"\" class=\"wp-image-53071\" srcset=\"https:\/\/edebiyyat-az.com\/wp-content\/uploads\/2026\/09\/WhatsApp-Image-2026-09-01-at-18.42.58-472x1024.jpeg 472w, https:\/\/edebiyyat-az.com\/wp-content\/uploads\/2026\/09\/WhatsApp-Image-2026-09-01-at-18.42.58-138x300.jpeg 138w, https:\/\/edebiyyat-az.com\/wp-content\/uploads\/2026\/09\/WhatsApp-Image-2026-09-01-at-18.42.58-708x1536.jpeg 708w, https:\/\/edebiyyat-az.com\/wp-content\/uploads\/2026\/09\/WhatsApp-Image-2026-09-01-at-18.42.58-28x60.jpeg 28w, https:\/\/edebiyyat-az.com\/wp-content\/uploads\/2026\/09\/WhatsApp-Image-2026-09-01-at-18.42.58.jpeg 738w\" sizes=\"auto, (max-width: 472px) 100vw, 472px\" \/><\/a><\/figure>\n<\/div>\n\n\n<p class=\"wp-block-paragraph\"><\/p>\n","protected":false},"excerpt":{"rendered":"<p>\u015eu\u015fa&#8230; D\u00f6rd h\u0259rfin-iki hecan\u0131n h\u0259r dilimiz\u0259 g\u0259l\u0259nd\u0259 bizi duy\u011fular\u0131n \u0259nginliyin\u0259 ataca\u011f\u0131n\u0131, b\u0259lk\u0259, t\u0259s\u0259vv\u00fcr\u0259 bel\u0259 g\u0259tirm\u0259zdik, h\u0259rfl\u0259ri, s\u00f6zl\u0259ri t\u0259z\u0259-t\u0259z\u0259 tan\u0131ma\u011fa ba\u015flayark\u0259n&#8230; \u201cSevirs\u0259ns\u0259, Ya\u011f\u0131\u015f\u0131 \u00e7\u0259tirsiz sev, \u00c7i\u00e7\u0259kl\u0259ri \u0259tirsiz&#8230;\u201d-deyir Vasif Z\u00f6hrabo\u011flu&#8230; \u018fsl sevgi budur! Biz \u015eu\u015fan\u0131 do\u011fmal\u0131\u011f\u0131n\u0131n istisiyl\u0259 d\u0259 sevdik, h\u0259sr\u0259tinin saza\u011f\u0131yla da&#8230; V\u00fcsal\u0131 ona g\u00f6r\u0259 \u00f6mr\u0259 s\u0131\u011fmayan duy\u011fular yaratd\u0131!\u00a0 Haqq a\u015fiqi sevdas\u0131d\u0131 Az\u0259rbaycan xalq\u0131n\u0131n \u00fcr\u0259yind\u0259ki \u015eu\u015fa sevdas\u0131! &hellip; <\/p>\n","protected":false},"author":2,"featured_media":0,"comment_status":"open","ping_status":"open","sticky":false,"template":"","format":"standard","meta":{"footnotes":""},"categories":[5],"tags":[242,244,243,241,240],"class_list":["post-53070","post","type-post","status-publish","format-standard","hentry","category-pub","tag-darixiram","tag-entiq-smndr-krimzad","tag-ilduz-eliyeva","tag-susa-gozeldir","tag-vasif-zohraboglu","latest_post"],"_links":{"self":[{"href":"https:\/\/edebiyyat-az.com\/index.php?rest_route=\/wp\/v2\/posts\/53070","targetHints":{"allow":["GET"]}}],"collection":[{"href":"https:\/\/edebiyyat-az.com\/index.php?rest_route=\/wp\/v2\/posts"}],"about":[{"href":"https:\/\/edebiyyat-az.com\/index.php?rest_route=\/wp\/v2\/types\/post"}],"author":[{"embeddable":true,"href":"https:\/\/edebiyyat-az.com\/index.php?rest_route=\/wp\/v2\/users\/2"}],"replies":[{"embeddable":true,"href":"https:\/\/edebiyyat-az.com\/index.php?rest_route=%2Fwp%2Fv2%2Fcomments&post=53070"}],"version-history":[{"count":1,"href":"https:\/\/edebiyyat-az.com\/index.php?rest_route=\/wp\/v2\/posts\/53070\/revisions"}],"predecessor-version":[{"id":53072,"href":"https:\/\/edebiyyat-az.com\/index.php?rest_route=\/wp\/v2\/posts\/53070\/revisions\/53072"}],"wp:attachment":[{"href":"https:\/\/edebiyyat-az.com\/index.php?rest_route=%2Fwp%2Fv2%2Fmedia&parent=53070"}],"wp:term":[{"taxonomy":"category","embeddable":true,"href":"https:\/\/edebiyyat-az.com\/index.php?rest_route=%2Fwp%2Fv2%2Fcategories&post=53070"},{"taxonomy":"post_tag","embeddable":true,"href":"https:\/\/edebiyyat-az.com\/index.php?rest_route=%2Fwp%2Fv2%2Ftags&post=53070"}],"curies":[{"name":"wp","href":"https:\/\/api.w.org\/{rel}","templated":true}]}}