{"id":53074,"date":"2026-09-01T08:00:00","date_gmt":"2026-09-01T04:00:00","guid":{"rendered":"https:\/\/edebiyyat-az.com\/?p=53074"},"modified":"2026-09-02T10:02:58","modified_gmt":"2026-09-02T06:02:58","slug":"milli-kitabxanada-mohsun-nagisoylunun-yubileyin%c9%99-h%c9%99sr-olunmus-kitab-s%c9%99rgisi-acilib","status":"publish","type":"post","link":"https:\/\/edebiyyat-az.com\/?p=53074","title":{"rendered":"Milli Kitabxanada M\u00f6hs\u00fcn Na\u011f\u0131soylunun yubileyin\u0259 h\u0259sr olunmu\u015f kitab s\u0259rgisi a\u00e7\u0131l\u0131b"},"content":{"rendered":"\n<figure class=\"wp-block-image size-large\"><img decoding=\"async\" src=\"https:\/\/azertag.az\/files\/galleryphoto\/2026\/3\/1200x630\/17882578521445033286_1200x630.jpeg\" alt=\"\"\/><\/figure>\n\n\n\n<p class=\"wp-block-paragraph\">Milli Kitabxanada filologiya elml\u0259ri doktoru, professor, AMEA-n\u0131n h\u0259qiqi \u00fczv\u00fc M\u00f6hs\u00fcn Na\u011f\u0131soylunun 80 illik yubileyin\u0259 h\u0259sr olunmu\u015f kitab s\u0259rgisi istifad\u0259\u00e7il\u0259r\u0259 t\u0259qdim edilib.<\/p>\n\n\n\n<p class=\"wp-block-paragraph\">Kitabxanadan&nbsp;<a href=\"https:\/\/azertag.az\/\" target=\"_blank\" rel=\"noreferrer noopener\">AZ\u018fRTAC<\/a>-a bildirilib ki, \u201cM\u00f6hs\u00fcn Na\u011f\u0131soylu &#8211; 80\u201d adl\u0131 \u0259n\u0259n\u0259vi s\u0259rgid\u0259 alimin monoqrafiyalar\u0131, d\u0259rslikl\u0259ri, \u201c\u00d6n s\u00f6z\u201d m\u00fc\u0259llifi, t\u0259rtib\u00e7isi v\u0259 r\u0259y\u00e7isi oldu\u011fu n\u0259\u015frl\u0259r, t\u0259rc\u00fcm\u0259l\u0259ri v\u0259 redakt\u0259si il\u0259 haz\u0131rlanm\u0131\u015f kitablar, h\u0259m\u00e7inin onun h\u0259yat v\u0259 yarad\u0131c\u0131l\u0131q yoluna h\u0259sr olunmu\u015f Az\u0259rbaycan dilind\u0259 n\u0259\u015frl\u0259r v\u0259 d\u00f6vri m\u0259tbuat materiallar\u0131 n\u00fcmayi\u015f olunur.<\/p>\n\n\n\n<p class=\"wp-block-paragraph\">M\u00f6hs\u00fcn Na\u011f\u0131soylu Az\u0259rbaycan t\u0259rc\u00fcm\u0259 tarixi probleml\u0259rin\u0259 v\u0259 yaz\u0131l\u0131 abid\u0259l\u0259r\u0259 dair 200-d\u0259n \u00e7ox elmi v\u0259 elmi-k\u00fctl\u0259vi m\u0259qal\u0259nin m\u00fc\u0259llifidir. Alim bir s\u0131ra beyn\u0259lxalq elmi konfranslarda elmi m\u0259ruz\u0259l\u0259rl\u0259 \u00e7\u0131x\u0131\u015f edib. Onun m\u0259qal\u0259l\u0259ri Tehran, Kabil, Sankt-Peterburq, \u0130r\u0259van, Qazan, Ankara, Konya \u015f\u0259h\u0259rl\u0259rind\u0259 n\u0259\u015fr olunan elmi toplularda \u00e7apdan \u00e7\u0131x\u0131b.T\u0259rtib\u00e7isi oldu\u011fu \u201cNizami. \u0130ncil\u0259r\u201d kitab\u0131 T\u00fcrkiy\u0259d\u0259, \u201cFarsca \u0259lyazmalar kataloqu\u201d kitab\u0131 is\u0259 \u0130randa n\u0259\u015fr edilib.<\/p>\n\n\n\n<p class=\"wp-block-paragraph\">M\u0259nb\u0259:\u00a0<a href=\"https:\/\/azertag.az\/\">https:\/\/azertag.az\/<\/a><\/p>\n","protected":false},"excerpt":{"rendered":"<p>Milli Kitabxanada filologiya elml\u0259ri doktoru, professor, AMEA-n\u0131n h\u0259qiqi \u00fczv\u00fc M\u00f6hs\u00fcn Na\u011f\u0131soylunun 80 illik yubileyin\u0259 h\u0259sr olunmu\u015f kitab s\u0259rgisi istifad\u0259\u00e7il\u0259r\u0259 t\u0259qdim edilib. Kitabxanadan&nbsp;AZ\u018fRTAC-a bildirilib ki, \u201cM\u00f6hs\u00fcn Na\u011f\u0131soylu &#8211; 80\u201d adl\u0131 \u0259n\u0259n\u0259vi s\u0259rgid\u0259 alimin monoqrafiyalar\u0131, d\u0259rslikl\u0259ri, \u201c\u00d6n s\u00f6z\u201d m\u00fc\u0259llifi, t\u0259rtib\u00e7isi v\u0259 r\u0259y\u00e7isi oldu\u011fu n\u0259\u015frl\u0259r, t\u0259rc\u00fcm\u0259l\u0259ri v\u0259 redakt\u0259si il\u0259 haz\u0131rlanm\u0131\u015f kitablar, h\u0259m\u00e7inin onun h\u0259yat v\u0259 yarad\u0131c\u0131l\u0131q yoluna h\u0259sr &hellip; <\/p>\n","protected":false},"author":2,"featured_media":0,"comment_status":"open","ping_status":"open","sticky":false,"template":"","format":"standard","meta":{"footnotes":""},"categories":[49],"tags":[],"class_list":["post-53074","post","type-post","status-publish","format-standard","hentry","category-medeniyyat","latest_post"],"_links":{"self":[{"href":"https:\/\/edebiyyat-az.com\/index.php?rest_route=\/wp\/v2\/posts\/53074","targetHints":{"allow":["GET"]}}],"collection":[{"href":"https:\/\/edebiyyat-az.com\/index.php?rest_route=\/wp\/v2\/posts"}],"about":[{"href":"https:\/\/edebiyyat-az.com\/index.php?rest_route=\/wp\/v2\/types\/post"}],"author":[{"embeddable":true,"href":"https:\/\/edebiyyat-az.com\/index.php?rest_route=\/wp\/v2\/users\/2"}],"replies":[{"embeddable":true,"href":"https:\/\/edebiyyat-az.com\/index.php?rest_route=%2Fwp%2Fv2%2Fcomments&post=53074"}],"version-history":[{"count":2,"href":"https:\/\/edebiyyat-az.com\/index.php?rest_route=\/wp\/v2\/posts\/53074\/revisions"}],"predecessor-version":[{"id":53084,"href":"https:\/\/edebiyyat-az.com\/index.php?rest_route=\/wp\/v2\/posts\/53074\/revisions\/53084"}],"wp:attachment":[{"href":"https:\/\/edebiyyat-az.com\/index.php?rest_route=%2Fwp%2Fv2%2Fmedia&parent=53074"}],"wp:term":[{"taxonomy":"category","embeddable":true,"href":"https:\/\/edebiyyat-az.com\/index.php?rest_route=%2Fwp%2Fv2%2Fcategories&post=53074"},{"taxonomy":"post_tag","embeddable":true,"href":"https:\/\/edebiyyat-az.com\/index.php?rest_route=%2Fwp%2Fv2%2Ftags&post=53074"}],"curies":[{"name":"wp","href":"https:\/\/api.w.org\/{rel}","templated":true}]}}