{"id":53075,"date":"2026-09-01T09:00:00","date_gmt":"2026-09-01T05:00:00","guid":{"rendered":"https:\/\/edebiyyat-az.com\/?p=53075"},"modified":"2026-09-02T10:04:49","modified_gmt":"2026-09-02T06:04:49","slug":"ankarada-kultur-yolu-festivalinin-acilisi-uzeyir-hacib%c9%99yliy%c9%99-h%c9%99sr-edil%c9%99c%c9%99k","status":"publish","type":"post","link":"https:\/\/edebiyyat-az.com\/?p=53075","title":{"rendered":"Ankarada \u201cK\u00fclt\u00fcr Yolu\u201d Festival\u0131n\u0131n a\u00e7\u0131l\u0131\u015f\u0131 \u00dczeyir Hac\u0131b\u0259yliy\u0259 h\u0259sr edil\u0259c\u0259k"},"content":{"rendered":"\n<ul class=\"wp-block-list\">\n<li><\/li>\n<\/ul>\n\n\n\n<figure class=\"wp-block-image size-large\"><img decoding=\"async\" src=\"https:\/\/azertag.az\/files\/2026\/2\/1200x630\/17881875732814811321_1200x630.jpeg\" alt=\"\"\/><\/figure>\n\n\n\n<p class=\"wp-block-paragraph\">\u00d6lk\u0259mizin T\u00fcrkiy\u0259d\u0259ki s\u0259firliyinin n\u0259zdind\u0259ki Az\u0259rbaycan M\u0259d\u0259niyy\u0259t M\u0259rk\u0259zi il\u0259 T\u00fcrkiy\u0259nin M\u0259d\u0259niyy\u0259t v\u0259 Turizm Nazirliyinin D\u00f6vl\u0259t Opera v\u0259 Balet Ba\u015f M\u00fcdirliyi aras\u0131nda h\u0259yata ke\u00e7iril\u0259n ortaq layih\u0259 \u00e7\u0259r\u00e7iv\u0259sind\u0259 Ankarada ke\u00e7iril\u0259c\u0259k m\u0259\u015fhur \u201cK\u00fclt\u00fcr Yolu\u201d Festival\u0131n\u0131n a\u00e7\u0131l\u0131\u015f\u0131 dahi Az\u0259rbaycan b\u0259st\u0259kar\u0131, T\u00fcrk d\u00fcnyas\u0131n\u0131n m\u00fct\u0259f\u0259kkiri \u00dczeyir Hac\u0131b\u0259yliy\u0259 h\u0259sr olunacaq v\u0259 bu m\u00fcnasib\u0259tl\u0259 m\u00f6ht\u0259\u015f\u0259m konsert proqram\u0131 t\u0259qdim edil\u0259c\u0259k.<\/p>\n\n\n\n<p class=\"wp-block-paragraph\"><a href=\"https:\/\/azertag.az\/\" target=\"_blank\" rel=\"noreferrer noopener\">AZ\u018fRTAC<\/a>&nbsp;x\u0259b\u0259r verir ki, iki \u00f6lk\u0259nin M\u0259d\u0259niyy\u0259t nazirlikl\u0259rinin d\u0259st\u0259yi il\u0259 CSO Ada Ankara salonunda t\u0259qdim olunacaq \u201c\u0130ki devlet \u2013 Bir sahne: Karde\u015f ezgiler\u201d adl\u0131 konsert proqram\u0131 cari il sentyabr\u0131n 19-da realla\u015fd\u0131r\u0131lacaq.<\/p>\n\n\n\n<p class=\"wp-block-paragraph\">Ankara D\u00f6vl\u0259t Opera Orkestri, TRT Birl\u0259\u015fmi\u015f Xorunun m\u00fc\u015fayi\u0259ti, Az\u0259rbaycan\u0131n Xalq artisti Yal\u00e7\u0131n Ad\u0131g\u00f6z\u0259lovun dirijorlu\u011fu il\u0259 ke\u00e7iril\u0259c\u0259k konsertd\u0259 Az\u0259rbaycan\u0131n v\u0259 T\u00fcrkiy\u0259nin tan\u0131nm\u0131\u015f opera s\u0259n\u0259t\u00e7il\u0259ri i\u015ftirak ed\u0259c\u0259kl\u0259r. Proqram\u0131n repertuar\u0131nda dahi b\u0259st\u0259kar \u00dczeyir Hac\u0131b\u0259ylinin \u00f6lm\u0259z \u0259s\u0259rl\u0259ri, Az\u0259rbaycan\u0131n v\u0259 T\u00fcrkiy\u0259nin b\u0259st\u0259karlar\u0131n\u0131n se\u00e7ilmi\u015f \u0259s\u0259rl\u0259ri yer alacaq.<\/p>\n\n\n\n<p class=\"wp-block-paragraph\">Az\u0259rbaycan v\u0259 T\u00fcrkiy\u0259 musiqi m\u0259d\u0259niyy\u0259tl\u0259rinin eyni s\u0259hn\u0259d\u0259 m\u00f6ht\u0259\u015f\u0259m \u015f\u0259kild\u0259 qovu\u015faca\u011f\u0131 bu opera konserti iki qarda\u015f \u00f6lk\u0259nin z\u0259ngin musiqi irsini, ortaq m\u0259d\u0259ni d\u0259y\u0259rl\u0259rini v\u0259 \u0259srl\u0259r boyu formala\u015fm\u0131\u015f m\u0259n\u0259vi ba\u011flar\u0131n\u0131 s\u0259n\u0259tin ecazkar dili il\u0259 n\u00fcmayi\u015f etdirm\u0259kl\u0259, milli m\u0259d\u0259niyy\u0259timizin v\u0259 T\u00fcrk d\u00fcnyas\u0131n\u0131n ortaq m\u0259d\u0259ni irsinin geni\u015f t\u0259bli\u011fin\u0259 m\u00fch\u00fcm t\u00f6hf\u0259 verm\u0259yi h\u0259d\u0259fl\u0259yir.<\/p>\n\n\n\n<p class=\"wp-block-paragraph\"><sub><em><strong>Ramin Abdullayev<\/strong><\/em><\/sub><\/p>\n\n\n\n<p class=\"wp-block-paragraph\"><sub><em><strong><a href=\"https:\/\/azertag.az\/\" target=\"_blank\" rel=\"noreferrer noopener\">AZ\u018fRTAC<\/a>-\u0131n x\u00fcsusi m\u00fcxbiri<\/strong><\/em><\/sub><\/p>\n\n\n\n<p class=\"wp-block-paragraph\"><sub><em><strong>Ankara<\/strong><\/em><\/sub><\/p>\n\n\n\n<p class=\"wp-block-paragraph\">M\u0259nb\u0259:\u00a0<a href=\"https:\/\/azertag.az\/\">https:\/\/azertag.az\/<\/a><\/p>\n","protected":false},"excerpt":{"rendered":"<p>\u00d6lk\u0259mizin T\u00fcrkiy\u0259d\u0259ki s\u0259firliyinin n\u0259zdind\u0259ki Az\u0259rbaycan M\u0259d\u0259niyy\u0259t M\u0259rk\u0259zi il\u0259 T\u00fcrkiy\u0259nin M\u0259d\u0259niyy\u0259t v\u0259 Turizm Nazirliyinin D\u00f6vl\u0259t Opera v\u0259 Balet Ba\u015f M\u00fcdirliyi aras\u0131nda h\u0259yata ke\u00e7iril\u0259n ortaq layih\u0259 \u00e7\u0259r\u00e7iv\u0259sind\u0259 Ankarada ke\u00e7iril\u0259c\u0259k m\u0259\u015fhur \u201cK\u00fclt\u00fcr Yolu\u201d Festival\u0131n\u0131n a\u00e7\u0131l\u0131\u015f\u0131 dahi Az\u0259rbaycan b\u0259st\u0259kar\u0131, T\u00fcrk d\u00fcnyas\u0131n\u0131n m\u00fct\u0259f\u0259kkiri \u00dczeyir Hac\u0131b\u0259yliy\u0259 h\u0259sr olunacaq v\u0259 bu m\u00fcnasib\u0259tl\u0259 m\u00f6ht\u0259\u015f\u0259m konsert proqram\u0131 t\u0259qdim edil\u0259c\u0259k. AZ\u018fRTAC&nbsp;x\u0259b\u0259r verir ki, iki \u00f6lk\u0259nin &hellip; <\/p>\n","protected":false},"author":2,"featured_media":0,"comment_status":"open","ping_status":"open","sticky":false,"template":"","format":"standard","meta":{"footnotes":""},"categories":[49],"tags":[],"class_list":["post-53075","post","type-post","status-publish","format-standard","hentry","category-medeniyyat","latest_post"],"_links":{"self":[{"href":"https:\/\/edebiyyat-az.com\/index.php?rest_route=\/wp\/v2\/posts\/53075","targetHints":{"allow":["GET"]}}],"collection":[{"href":"https:\/\/edebiyyat-az.com\/index.php?rest_route=\/wp\/v2\/posts"}],"about":[{"href":"https:\/\/edebiyyat-az.com\/index.php?rest_route=\/wp\/v2\/types\/post"}],"author":[{"embeddable":true,"href":"https:\/\/edebiyyat-az.com\/index.php?rest_route=\/wp\/v2\/users\/2"}],"replies":[{"embeddable":true,"href":"https:\/\/edebiyyat-az.com\/index.php?rest_route=%2Fwp%2Fv2%2Fcomments&post=53075"}],"version-history":[{"count":1,"href":"https:\/\/edebiyyat-az.com\/index.php?rest_route=\/wp\/v2\/posts\/53075\/revisions"}],"predecessor-version":[{"id":53085,"href":"https:\/\/edebiyyat-az.com\/index.php?rest_route=\/wp\/v2\/posts\/53075\/revisions\/53085"}],"wp:attachment":[{"href":"https:\/\/edebiyyat-az.com\/index.php?rest_route=%2Fwp%2Fv2%2Fmedia&parent=53075"}],"wp:term":[{"taxonomy":"category","embeddable":true,"href":"https:\/\/edebiyyat-az.com\/index.php?rest_route=%2Fwp%2Fv2%2Fcategories&post=53075"},{"taxonomy":"post_tag","embeddable":true,"href":"https:\/\/edebiyyat-az.com\/index.php?rest_route=%2Fwp%2Fv2%2Ftags&post=53075"}],"curies":[{"name":"wp","href":"https:\/\/api.w.org\/{rel}","templated":true}]}}