{"id":53076,"date":"2026-09-01T10:00:00","date_gmt":"2026-09-01T06:00:00","guid":{"rendered":"https:\/\/edebiyyat-az.com\/?p=53076"},"modified":"2026-09-02T10:06:14","modified_gmt":"2026-09-02T06:06:14","slug":"g%c9%99ncl%c9%99r-kitabxanasinda-tofiq-abdin%c9%99-h%c9%99sr-olunmus-biblioqrafik-icmal-hazirlanib","status":"publish","type":"post","link":"https:\/\/edebiyyat-az.com\/?p=53076","title":{"rendered":"G\u0259ncl\u0259r Kitabxanas\u0131nda Tofiq Abdin\u0259 h\u0259sr olunmu\u015f biblioqrafik icmal haz\u0131rlan\u0131b"},"content":{"rendered":"\n<ul class=\"wp-block-list\">\n<li><\/li>\n<\/ul>\n\n\n\n<figure class=\"wp-block-image size-large\"><img decoding=\"async\" src=\"https:\/\/azertag.az\/files\/2026\/3\/1200x630\/17882459586078131753_1200x630.jpeg\" alt=\"\"\/><\/figure>\n\n\n\n<p class=\"wp-block-paragraph\">C\u0259f\u0259r Cabbarl\u0131 ad\u0131na Respublika G\u0259ncl\u0259r Kitabxanas\u0131nda Az\u0259rbaycan \u0259d\u0259biyyat\u0131n\u0131n v\u0259 m\u0259tbuat\u0131n\u0131n tan\u0131nm\u0131\u015f n\u00fcmay\u0259nd\u0259si, \u015fair, yaz\u0131\u00e7\u0131, publisist, jurnalist, \u018fm\u0259kdar m\u0259d\u0259niyy\u0259t i\u015f\u00e7isi Tofiq Abdinin 85 illik yubileyi m\u00fcnasib\u0259til\u0259 \u201cS\u00f6z\u00fcn v\u0259 m\u0259tbuat\u0131n f\u0259dakar xadimi\u201d adl\u0131 biblioqrafik icmal haz\u0131rlan\u0131b.<\/p>\n\n\n\n<p class=\"wp-block-paragraph\">Kitabxanadan&nbsp;<a href=\"https:\/\/azertag.az\/\" target=\"_blank\" rel=\"noreferrer noopener\">AZ\u018fRTAC<\/a>-a bildirilib ki, v\u0259sait Tofiq Abdinin h\u0259yat v\u0259 yarad\u0131c\u0131l\u0131q yolunun, \u0259d\u0259bi-publisistik f\u0259aliyy\u0259tinin, Az\u0259rbaycan m\u0259tbuat\u0131na v\u0259 \u0259d\u0259biyyat\u0131na verdiyi t\u00f6hf\u0259l\u0259rin daha geni\u015f auditoriyaya \u00e7atd\u0131r\u0131lmas\u0131 m\u0259qs\u0259dil\u0259 haz\u0131rlan\u0131b.<\/p>\n\n\n\n<p class=\"wp-block-paragraph\">Biblioqrafik icmalda Tofiq Abdinin h\u0259yat v\u0259 yarad\u0131c\u0131l\u0131\u011f\u0131 il\u0259 ba\u011fl\u0131 \u0259sas m\u0259lumatlarla yana\u015f\u0131, r\u0259smi s\u0259n\u0259dl\u0259r, g\u00f6rk\u0259mli \u015f\u0259xsiyy\u0259tl\u0259rin onun haqq\u0131nda s\u00f6yl\u0259dikl\u0259ri d\u0259y\u0259rli fikirl\u0259r t\u0259qdim olunur. V\u0259sait\u0259 akademik Rafael H\u00fcseynovun \u201cH\u0259minki Tofiq Abdin\u201d, pedaqogika \u00fczr\u0259 f\u0259ls\u0259f\u0259 elml\u0259ri doktoru, dosent Allahverdi Eminovun \u201cTofiq Abdini yad ed\u0259rk\u0259n\u201d, yaz\u0131\u00e7\u0131-publisist Sevinc M\u00fcrv\u0259tq\u0131z\u0131n\u0131n \u201cTofiq Abdinin \u00f6t\u0259rgi qorxular\u0131 v\u0259 \u0259b\u0259di \u00f6mr\u00fc\u201d adl\u0131 m\u0259qal\u0259l\u0259rinin tam m\u0259tnl\u0259ri d\u0259 daxil edilib.<\/p>\n\n\n\n<p class=\"wp-block-paragraph\">Kitabxana \u0259m\u0259kda\u015flar\u0131 t\u0259r\u0259find\u0259n haz\u0131rlanan v\u0259saitin m\u00fch\u00fcm b\u00f6lm\u0259l\u0259rind\u0259n birini Tofiq Abdinin kitablar\u0131n\u0131n biblioqrafik icmal\u0131 t\u0259\u015fkil edir.<\/p>\n\n\n\n<p class=\"wp-block-paragraph\">\u201cS\u00f6z\u00fcn v\u0259 m\u0259tbuat\u0131n f\u0259dakar xadimi\u201d adl\u0131 biblioqrafik icmal Tofiq Abdinin z\u0259ngin yarad\u0131c\u0131l\u0131q irsinin sisteml\u0259\u015fdirilm\u0259si, onun haqq\u0131nda m\u00f6vcud \u0259d\u0259biyyat v\u0259 d\u00f6vri m\u0259tbuat materiallar\u0131n\u0131n bir araya g\u0259tirilm\u0259si bax\u0131m\u0131ndan \u0259h\u0259miyy\u0259tli m\u0259nb\u0259dir. V\u0259sait \u0259d\u0259biyyat\u015f\u00fcnaslar\u0131n, t\u0259dqiqat\u00e7\u0131lar\u0131n, m\u0259tbuat i\u015f\u00e7il\u0259rinin, t\u0259l\u0259b\u0259 v\u0259 g\u0259ncl\u0259rin istifad\u0259si \u00fc\u00e7\u00fcn n\u0259z\u0259rd\u0259 tutulub. Biblioqrafik icmal kitabxanan\u0131n r\u0259smi sayt\u0131nda&nbsp;<a href=\"https:\/\/www.ryl.az\/funds\/biblioqrafik-icmal\">https:\/\/www.ryl.az\/funds\/biblioqrafik-icmal<\/a>&nbsp; yerl\u0259\u015fdirilib.<\/p>\n\n\n\n<p class=\"wp-block-paragraph\">M\u0259nb\u0259:\u00a0<a href=\"https:\/\/azertag.az\/\">https:\/\/azertag.az\/<\/a><\/p>\n","protected":false},"excerpt":{"rendered":"<p>C\u0259f\u0259r Cabbarl\u0131 ad\u0131na Respublika G\u0259ncl\u0259r Kitabxanas\u0131nda Az\u0259rbaycan \u0259d\u0259biyyat\u0131n\u0131n v\u0259 m\u0259tbuat\u0131n\u0131n tan\u0131nm\u0131\u015f n\u00fcmay\u0259nd\u0259si, \u015fair, yaz\u0131\u00e7\u0131, publisist, jurnalist, \u018fm\u0259kdar m\u0259d\u0259niyy\u0259t i\u015f\u00e7isi Tofiq Abdinin 85 illik yubileyi m\u00fcnasib\u0259til\u0259 \u201cS\u00f6z\u00fcn v\u0259 m\u0259tbuat\u0131n f\u0259dakar xadimi\u201d adl\u0131 biblioqrafik icmal haz\u0131rlan\u0131b. Kitabxanadan&nbsp;AZ\u018fRTAC-a bildirilib ki, v\u0259sait Tofiq Abdinin h\u0259yat v\u0259 yarad\u0131c\u0131l\u0131q yolunun, \u0259d\u0259bi-publisistik f\u0259aliyy\u0259tinin, Az\u0259rbaycan m\u0259tbuat\u0131na v\u0259 \u0259d\u0259biyyat\u0131na verdiyi t\u00f6hf\u0259l\u0259rin daha geni\u015f auditoriyaya &hellip; <\/p>\n","protected":false},"author":2,"featured_media":0,"comment_status":"open","ping_status":"open","sticky":false,"template":"","format":"standard","meta":{"footnotes":""},"categories":[49],"tags":[],"class_list":["post-53076","post","type-post","status-publish","format-standard","hentry","category-medeniyyat","latest_post"],"_links":{"self":[{"href":"https:\/\/edebiyyat-az.com\/index.php?rest_route=\/wp\/v2\/posts\/53076","targetHints":{"allow":["GET"]}}],"collection":[{"href":"https:\/\/edebiyyat-az.com\/index.php?rest_route=\/wp\/v2\/posts"}],"about":[{"href":"https:\/\/edebiyyat-az.com\/index.php?rest_route=\/wp\/v2\/types\/post"}],"author":[{"embeddable":true,"href":"https:\/\/edebiyyat-az.com\/index.php?rest_route=\/wp\/v2\/users\/2"}],"replies":[{"embeddable":true,"href":"https:\/\/edebiyyat-az.com\/index.php?rest_route=%2Fwp%2Fv2%2Fcomments&post=53076"}],"version-history":[{"count":1,"href":"https:\/\/edebiyyat-az.com\/index.php?rest_route=\/wp\/v2\/posts\/53076\/revisions"}],"predecessor-version":[{"id":53086,"href":"https:\/\/edebiyyat-az.com\/index.php?rest_route=\/wp\/v2\/posts\/53076\/revisions\/53086"}],"wp:attachment":[{"href":"https:\/\/edebiyyat-az.com\/index.php?rest_route=%2Fwp%2Fv2%2Fmedia&parent=53076"}],"wp:term":[{"taxonomy":"category","embeddable":true,"href":"https:\/\/edebiyyat-az.com\/index.php?rest_route=%2Fwp%2Fv2%2Fcategories&post=53076"},{"taxonomy":"post_tag","embeddable":true,"href":"https:\/\/edebiyyat-az.com\/index.php?rest_route=%2Fwp%2Fv2%2Ftags&post=53076"}],"curies":[{"name":"wp","href":"https:\/\/api.w.org\/{rel}","templated":true}]}}