{"id":53077,"date":"2026-09-02T06:00:00","date_gmt":"2026-09-02T02:00:00","guid":{"rendered":"https:\/\/edebiyyat-az.com\/?p=53077"},"modified":"2026-09-02T10:07:53","modified_gmt":"2026-09-02T06:07:53","slug":"az%c9%99rbaycanda-ilk-d%c9%99f%c9%99-fotoqrafiya-s%c9%99n%c9%99ti-ixtisasi-uzr%c9%99-t%c9%99dris-proqrami-hazirlanib","status":"publish","type":"post","link":"https:\/\/edebiyyat-az.com\/?p=53077","title":{"rendered":"Az\u0259rbaycanda ilk d\u0259f\u0259 \u201cFotoqrafiya s\u0259n\u0259ti\u201d ixtisas\u0131 \u00fczr\u0259 t\u0259dris proqram\u0131 haz\u0131rlan\u0131b"},"content":{"rendered":"\n<ul class=\"wp-block-list\">\n<li><\/li>\n<\/ul>\n\n\n\n<figure class=\"wp-block-image size-large\"><img decoding=\"async\" src=\"https:\/\/azertag.az\/files\/2026\/3\/1200x630\/17882473833867820097_1200x630.jpg\" alt=\"\"\/><\/figure>\n\n\n\n<p class=\"wp-block-paragraph\">M\u0259d\u0259niyy\u0259t Nazirliyinin M\u0259d\u0259niyy\u0259t \u00fczr\u0259 Elmi-Metodiki v\u0259 \u0130xtisasart\u0131rma M\u0259rk\u0259zi (MEM\u0130M) t\u0259r\u0259find\u0259n inc\u0259s\u0259n\u0259t m\u0259kt\u0259bi v\u0259 m\u0259rk\u0259zl\u0259ri \u00fc\u00e7\u00fcn ilk d\u0259f\u0259 olaraq \u201cFotoqrafiya s\u0259n\u0259ti\u201d ixtisas\u0131 \u00fczr\u0259 t\u0259dris proqram\u0131 haz\u0131rlan\u0131b.<\/p>\n\n\n\n<p class=\"wp-block-paragraph\"><a href=\"https:\/\/azertag.az\/\" target=\"_blank\" rel=\"noreferrer noopener\">AZ\u018fRTAC<\/a>&nbsp;x\u0259b\u0259r verir ki, bu proqram fotoqrafiya s\u0259n\u0259tinin t\u0259dris prosesin\u0259 yeni m\u0259zmun v\u0259 sistemli yana\u015fma g\u0259tirm\u0259kl\u0259, g\u0259nc n\u0259slin bu sah\u0259d\u0259 bilik v\u0259 yarad\u0131c\u0131l\u0131q bacar\u0131qlar\u0131n\u0131n formala\u015fd\u0131r\u0131lmas\u0131na xidm\u0259t ed\u0259c\u0259k.<\/p>\n\n\n\n<p class=\"wp-block-paragraph\">T\u0259dris proqram\u0131n\u0131n haz\u0131rlanmas\u0131 fotoqrafiya sah\u0259sind\u0259 pe\u015f\u0259kar m\u00fct\u0259x\u0259ssisl\u0259rin i\u015ftirak\u0131 il\u0259 h\u0259yata ke\u00e7irilib. Proqram \u201cGilavar Foto Klubu\u201d \u0130ctimai Birliyinin \u0130dar\u0259 Hey\u0259tinin \u00fczv\u00fc, pe\u015f\u0259kar fotoqraf Rauf Umudov t\u0259r\u0259find\u0259n t\u0259rtib olunub.<\/p>\n\n\n\n<p class=\"wp-block-paragraph\">S\u0259n\u0259din r\u0259y\u00e7il\u0259ri qismind\u0259 \u00f6lk\u0259nin tan\u0131nm\u0131\u015f fotoqraflar\u0131 &#8211; \u201cGilavar Foto Klubu\u201d \u0130ctimai Birliyinin \u0130dar\u0259 Hey\u0259tinin s\u0259dri, beyn\u0259lxalq d\u0259r\u0259c\u0259li fotoqraf R\u0259\u015fad Mehdiyev v\u0259 \u201cFotoqrafika\u201d jurnal\u0131n\u0131n t\u0259sis\u00e7isi v\u0259 redaktoru R\u00fcf\u0259t Abas \u00e7\u0131x\u0131\u015f edibl\u0259r. Proqram\u0131n redaktoru is\u0259 MEM\u0130M-in sektor m\u00fcdiri Fariz Yunislidir.<\/p>\n\n\n\n<p class=\"wp-block-paragraph\">Fotoqrafiya s\u0259n\u0259tinin inc\u0259s\u0259n\u0259t m\u0259kt\u0259bl\u0259rind\u0259 yeni ixtisas istiqam\u0259ti kimi t\u0259drisi Az\u0259rbaycan fotoqrafiyas\u0131n\u0131n 165 illik tarixind\u0259 x\u00fcsusi \u0259h\u0259miyy\u0259t da\u015f\u0131y\u0131r. Bu yenilik d\u00f6vl\u0259tin fotoqrafiya s\u0259n\u0259tinin inki\u015faf\u0131na verdiyi diqq\u0259t v\u0259 d\u0259st\u0259yin m\u00fch\u00fcm g\u00f6st\u0259ricisidir.<\/p>\n\n\n\n<p class=\"wp-block-paragraph\">M\u0259nb\u0259:\u00a0<a href=\"https:\/\/azertag.az\/\">https:\/\/azertag.az\/<\/a><\/p>\n","protected":false},"excerpt":{"rendered":"<p>M\u0259d\u0259niyy\u0259t Nazirliyinin M\u0259d\u0259niyy\u0259t \u00fczr\u0259 Elmi-Metodiki v\u0259 \u0130xtisasart\u0131rma M\u0259rk\u0259zi (MEM\u0130M) t\u0259r\u0259find\u0259n inc\u0259s\u0259n\u0259t m\u0259kt\u0259bi v\u0259 m\u0259rk\u0259zl\u0259ri \u00fc\u00e7\u00fcn ilk d\u0259f\u0259 olaraq \u201cFotoqrafiya s\u0259n\u0259ti\u201d ixtisas\u0131 \u00fczr\u0259 t\u0259dris proqram\u0131 haz\u0131rlan\u0131b. AZ\u018fRTAC&nbsp;x\u0259b\u0259r verir ki, bu proqram fotoqrafiya s\u0259n\u0259tinin t\u0259dris prosesin\u0259 yeni m\u0259zmun v\u0259 sistemli yana\u015fma g\u0259tirm\u0259kl\u0259, g\u0259nc n\u0259slin bu sah\u0259d\u0259 bilik v\u0259 yarad\u0131c\u0131l\u0131q bacar\u0131qlar\u0131n\u0131n formala\u015fd\u0131r\u0131lmas\u0131na xidm\u0259t ed\u0259c\u0259k. T\u0259dris proqram\u0131n\u0131n haz\u0131rlanmas\u0131 fotoqrafiya &hellip; <\/p>\n","protected":false},"author":2,"featured_media":0,"comment_status":"open","ping_status":"open","sticky":false,"template":"","format":"standard","meta":{"footnotes":""},"categories":[49],"tags":[],"class_list":["post-53077","post","type-post","status-publish","format-standard","hentry","category-medeniyyat","latest_post"],"_links":{"self":[{"href":"https:\/\/edebiyyat-az.com\/index.php?rest_route=\/wp\/v2\/posts\/53077","targetHints":{"allow":["GET"]}}],"collection":[{"href":"https:\/\/edebiyyat-az.com\/index.php?rest_route=\/wp\/v2\/posts"}],"about":[{"href":"https:\/\/edebiyyat-az.com\/index.php?rest_route=\/wp\/v2\/types\/post"}],"author":[{"embeddable":true,"href":"https:\/\/edebiyyat-az.com\/index.php?rest_route=\/wp\/v2\/users\/2"}],"replies":[{"embeddable":true,"href":"https:\/\/edebiyyat-az.com\/index.php?rest_route=%2Fwp%2Fv2%2Fcomments&post=53077"}],"version-history":[{"count":1,"href":"https:\/\/edebiyyat-az.com\/index.php?rest_route=\/wp\/v2\/posts\/53077\/revisions"}],"predecessor-version":[{"id":53087,"href":"https:\/\/edebiyyat-az.com\/index.php?rest_route=\/wp\/v2\/posts\/53077\/revisions\/53087"}],"wp:attachment":[{"href":"https:\/\/edebiyyat-az.com\/index.php?rest_route=%2Fwp%2Fv2%2Fmedia&parent=53077"}],"wp:term":[{"taxonomy":"category","embeddable":true,"href":"https:\/\/edebiyyat-az.com\/index.php?rest_route=%2Fwp%2Fv2%2Fcategories&post=53077"},{"taxonomy":"post_tag","embeddable":true,"href":"https:\/\/edebiyyat-az.com\/index.php?rest_route=%2Fwp%2Fv2%2Ftags&post=53077"}],"curies":[{"name":"wp","href":"https:\/\/api.w.org\/{rel}","templated":true}]}}