{"id":53079,"date":"2026-09-02T08:00:00","date_gmt":"2026-09-02T04:00:00","guid":{"rendered":"https:\/\/edebiyyat-az.com\/?p=53079"},"modified":"2026-09-02T10:10:20","modified_gmt":"2026-09-02T06:10:20","slug":"buxarada-az%c9%99rbaycan-m%c9%99d%c9%99niyy%c9%99ti-v%c9%99-s%c9%99n%c9%99ti-gunl%c9%99ri-keciril%c9%99c%c9%99k","status":"publish","type":"post","link":"https:\/\/edebiyyat-az.com\/?p=53079","title":{"rendered":"Buxarada \u201cAz\u0259rbaycan m\u0259d\u0259niyy\u0259ti v\u0259 s\u0259n\u0259ti g\u00fcnl\u0259ri\u201d ke\u00e7iril\u0259c\u0259k"},"content":{"rendered":"\n<figure class=\"wp-block-image size-large\"><img decoding=\"async\" src=\"https:\/\/azertag.az\/files\/galleryphoto\/2026\/3\/1200x630\/17882682632255314130_1200x630.jpg\" alt=\"\"\/><\/figure>\n\n\n\n<p class=\"wp-block-paragraph\"><\/p>\n\n\n\n<p class=\"wp-block-paragraph\">Az\u0259rbaycan\u0131n \u00d6zb\u0259kistandak\u0131 s\u0259firliyinin tabeliyind\u0259 f\u0259aliyy\u0259t g\u00f6st\u0259r\u0259n Heyd\u0259r \u018fliyev ad\u0131na Az\u0259rbaycan M\u0259d\u0259niyy\u0259t M\u0259rk\u0259zinin direktoru Akif Marifli il\u0259 Buxara vilay\u0259tinin apar\u0131c\u0131 m\u0259d\u0259niyy\u0259t v\u0259 inc\u0259s\u0259n\u0259t m\u00fc\u0259ssis\u0259l\u0259rinin r\u0259hb\u0259rl\u0259ri aras\u0131nda g\u00f6r\u00fc\u015f ke\u00e7irilib.<\/p>\n\n\n\n<p class=\"wp-block-paragraph\">M\u0259rk\u0259zd\u0259n&nbsp;<a href=\"https:\/\/azertag.az\/\" target=\"_blank\" rel=\"noreferrer noopener\">AZ\u018fRTAC<\/a>-a bildirilib ki, Buxara vilay\u0259tinin M\u0259d\u0259niyy\u0259t \u0130dar\u0259sind\u0259 ke\u00e7iril\u0259n g\u00f6r\u00fc\u015fd\u0259 \u00d6zb\u0259kistan D\u00f6vl\u0259t Filarmoniyas\u0131n\u0131n vilay\u0259t \u015f\u00f6b\u0259sinin direktoru Rauf Avezov, Buxara \u0130xtisasla\u015fd\u0131r\u0131lm\u0131\u015f \u0130nc\u0259s\u0259n\u0259t M\u0259kt\u0259binin direktoru Bobur\u015foh Nurullayev, Vilay\u0259t Dram teatr\u0131n\u0131n direktoru \u015euxrat R\u0259c\u0259bov, Kukla teatr\u0131n\u0131n direktoru G\u00fclnora H\u00fcseynova v\u0259 ba\u015f rejissoru Pirnazar \u0130momnazarov, h\u0259m\u00e7inin Buxara \u0130xtisasla\u015fd\u0131r\u0131lm\u0131\u015f Makom M\u0259kt\u0259b-internat\u0131n\u0131n direktoru Baxtiyor \u0130sm\u0259tov i\u015ftirak edibl\u0259r.<\/p>\n\n\n\n<p class=\"wp-block-paragraph\">G\u00f6r\u00fc\u015f zaman\u0131 prezidentl\u0259r \u0130lham \u018fliyevin v\u0259 \u015eavkat Mirziyoyevin siyasi irad\u0259si v\u0259 s\u0259yl\u0259ri n\u0259tic\u0259sind\u0259 iki \u00f6lk\u0259 aras\u0131nda formala\u015fm\u0131\u015f \u0259b\u0259di dostluq v\u0259 qarda\u015fl\u0131q m\u00fcnasib\u0259tl\u0259rinin inki\u015faf\u0131nda m\u0259d\u0259ni \u0259laq\u0259l\u0259rin x\u00fcsusi rolu vur\u011fulan\u0131b.<\/p>\n\n\n\n<p class=\"wp-block-paragraph\">T\u0259r\u0259fl\u0259r Buxara vilay\u0259tind\u0259 \u201cAz\u0259rbaycan m\u0259d\u0259niyy\u0259ti v\u0259 s\u0259n\u0259ti g\u00fcnl\u0259ri\u201dnin ke\u00e7irilm\u0259si, bu \u00e7\u0259r\u00e7iv\u0259d\u0259 Az\u0259rbaycan m\u0259d\u0259niyy\u0259tinin, \u0259d\u0259biyyat\u0131n\u0131n v\u0259 inc\u0259s\u0259n\u0259tinin t\u0259qdim olunmas\u0131, h\u0259m\u00e7inin Az\u0259rbaycandan v\u0259 \u00d6zb\u0259kistandan olan i\u015ftirak\u00e7\u0131lar\u0131n birg\u0259 t\u0259dbird\u0259 t\u0259msil olunmas\u0131 il\u0259 ba\u011fl\u0131 raz\u0131l\u0131\u011fa g\u0259libl\u0259r. Bildirilib ki, t\u0259dbir \u00e7\u0259r\u00e7iv\u0259sind\u0259 h\u0259r iki \u00f6lk\u0259nin m\u0259d\u0259niyy\u0259t v\u0259 inc\u0259s\u0259n\u0259t n\u00fcmay\u0259nd\u0259l\u0259rinin i\u015ftirak\u0131 il\u0259 m\u00fcxt\u0259lif t\u0259qdimatlar, g\u00f6r\u00fc\u015fl\u0259r, yarad\u0131c\u0131l\u0131q proqramlar\u0131 v\u0259 dig\u0259r m\u0259d\u0259ni t\u0259dbirl\u0259rin ke\u00e7irilm\u0259si n\u0259z\u0259rd\u0259 tutulur.<\/p>\n\n\n\n<p class=\"wp-block-paragraph\">G\u00f6r\u00fc\u015fd\u0259, h\u0259m\u00e7inin s\u0259n\u0259t\u00e7il\u0259r v\u0259 yarad\u0131c\u0131 kollektivl\u0259r aras\u0131nda qar\u015f\u0131l\u0131ql\u0131 s\u0259f\u0259rl\u0259rin v\u0259 t\u0259cr\u00fcb\u0259 m\u00fcbadil\u0259sinin t\u0259\u015fkili, milli musiqi v\u0259 inc\u0259s\u0259n\u0259t n\u00fcmun\u0259l\u0259rinin t\u0259bli\u011fi, birg\u0259 konsert proqramlar\u0131n\u0131n, s\u0259rgil\u0259rin v\u0259 dig\u0259r m\u0259d\u0259ni layih\u0259l\u0259rin h\u0259yata ke\u00e7irilm\u0259si il\u0259 ba\u011fl\u0131 t\u0259\u015f\u0259bb\u00fcsl\u0259r ir\u0259li s\u00fcr\u00fcl\u00fcb.<\/p>\n\n\n\n<p class=\"wp-block-paragraph\">Qeyd olunub ki, Az\u0259rbaycan v\u0259 \u00d6zb\u0259kistan xalqlar\u0131n\u0131 birl\u0259\u015fdir\u0259n ortaq tarixi v\u0259 m\u0259d\u0259ni d\u0259y\u0259rl\u0259r iki \u00f6lk\u0259 aras\u0131nda m\u0259d\u0259ni \u0259m\u0259kda\u015fl\u0131\u011f\u0131n daha da inki\u015faf etdirilm\u0259si v\u0259 z\u0259nginl\u0259\u015fdirilm\u0259si \u00fc\u00e7\u00fcn m\u00f6hk\u0259m z\u0259min yarad\u0131r.<\/p>\n\n\n\n<p class=\"wp-block-paragraph\">M\u0259nb\u0259:\u00a0<a href=\"https:\/\/azertag.az\/\">https:\/\/azertag.az\/<\/a><\/p>\n","protected":false},"excerpt":{"rendered":"<p>Az\u0259rbaycan\u0131n \u00d6zb\u0259kistandak\u0131 s\u0259firliyinin tabeliyind\u0259 f\u0259aliyy\u0259t g\u00f6st\u0259r\u0259n Heyd\u0259r \u018fliyev ad\u0131na Az\u0259rbaycan M\u0259d\u0259niyy\u0259t M\u0259rk\u0259zinin direktoru Akif Marifli il\u0259 Buxara vilay\u0259tinin apar\u0131c\u0131 m\u0259d\u0259niyy\u0259t v\u0259 inc\u0259s\u0259n\u0259t m\u00fc\u0259ssis\u0259l\u0259rinin r\u0259hb\u0259rl\u0259ri aras\u0131nda g\u00f6r\u00fc\u015f ke\u00e7irilib. M\u0259rk\u0259zd\u0259n&nbsp;AZ\u018fRTAC-a bildirilib ki, Buxara vilay\u0259tinin M\u0259d\u0259niyy\u0259t \u0130dar\u0259sind\u0259 ke\u00e7iril\u0259n g\u00f6r\u00fc\u015fd\u0259 \u00d6zb\u0259kistan D\u00f6vl\u0259t Filarmoniyas\u0131n\u0131n vilay\u0259t \u015f\u00f6b\u0259sinin direktoru Rauf Avezov, Buxara \u0130xtisasla\u015fd\u0131r\u0131lm\u0131\u015f \u0130nc\u0259s\u0259n\u0259t M\u0259kt\u0259binin direktoru Bobur\u015foh Nurullayev, Vilay\u0259t Dram teatr\u0131n\u0131n direktoru &hellip; <\/p>\n","protected":false},"author":2,"featured_media":0,"comment_status":"open","ping_status":"open","sticky":false,"template":"","format":"standard","meta":{"footnotes":""},"categories":[49],"tags":[],"class_list":["post-53079","post","type-post","status-publish","format-standard","hentry","category-medeniyyat","latest_post"],"_links":{"self":[{"href":"https:\/\/edebiyyat-az.com\/index.php?rest_route=\/wp\/v2\/posts\/53079","targetHints":{"allow":["GET"]}}],"collection":[{"href":"https:\/\/edebiyyat-az.com\/index.php?rest_route=\/wp\/v2\/posts"}],"about":[{"href":"https:\/\/edebiyyat-az.com\/index.php?rest_route=\/wp\/v2\/types\/post"}],"author":[{"embeddable":true,"href":"https:\/\/edebiyyat-az.com\/index.php?rest_route=\/wp\/v2\/users\/2"}],"replies":[{"embeddable":true,"href":"https:\/\/edebiyyat-az.com\/index.php?rest_route=%2Fwp%2Fv2%2Fcomments&post=53079"}],"version-history":[{"count":1,"href":"https:\/\/edebiyyat-az.com\/index.php?rest_route=\/wp\/v2\/posts\/53079\/revisions"}],"predecessor-version":[{"id":53089,"href":"https:\/\/edebiyyat-az.com\/index.php?rest_route=\/wp\/v2\/posts\/53079\/revisions\/53089"}],"wp:attachment":[{"href":"https:\/\/edebiyyat-az.com\/index.php?rest_route=%2Fwp%2Fv2%2Fmedia&parent=53079"}],"wp:term":[{"taxonomy":"category","embeddable":true,"href":"https:\/\/edebiyyat-az.com\/index.php?rest_route=%2Fwp%2Fv2%2Fcategories&post=53079"},{"taxonomy":"post_tag","embeddable":true,"href":"https:\/\/edebiyyat-az.com\/index.php?rest_route=%2Fwp%2Fv2%2Ftags&post=53079"}],"curies":[{"name":"wp","href":"https:\/\/api.w.org\/{rel}","templated":true}]}}