{"id":53080,"date":"2026-09-02T09:00:00","date_gmt":"2026-09-02T05:00:00","guid":{"rendered":"https:\/\/edebiyyat-az.com\/?p=53080"},"modified":"2026-09-02T10:12:17","modified_gmt":"2026-09-02T06:12:17","slug":"folklorsunas-alim-professor-m%c9%99h%c9%99rr%c9%99m-qasimli-yaradiciliginda-milli-ruh","status":"publish","type":"post","link":"https:\/\/edebiyyat-az.com\/?p=53080","title":{"rendered":"Folklor\u015f\u00fcnas alim, professor M\u0259h\u0259rr\u0259m Qas\u0131ml\u0131 yarad\u0131c\u0131l\u0131\u011f\u0131nda milli ruh&#8230;"},"content":{"rendered":"\n<figure class=\"wp-block-image size-large\"><a href=\"https:\/\/edebiyyat-az.com\/wp-content\/uploads\/2026\/09\/M\u0259h\u0259rr\u0259m-QASIMLI.jpg\"><img loading=\"lazy\" decoding=\"async\" width=\"1024\" height=\"787\" src=\"https:\/\/edebiyyat-az.com\/wp-content\/uploads\/2026\/09\/M\u0259h\u0259rr\u0259m-QASIMLI-1024x787.jpg\" alt=\"\" class=\"wp-image-53090\" srcset=\"https:\/\/edebiyyat-az.com\/wp-content\/uploads\/2026\/09\/M\u0259h\u0259rr\u0259m-QASIMLI-1024x787.jpg 1024w, https:\/\/edebiyyat-az.com\/wp-content\/uploads\/2026\/09\/M\u0259h\u0259rr\u0259m-QASIMLI-300x231.jpg 300w, https:\/\/edebiyyat-az.com\/wp-content\/uploads\/2026\/09\/M\u0259h\u0259rr\u0259m-QASIMLI-768x590.jpg 768w, https:\/\/edebiyyat-az.com\/wp-content\/uploads\/2026\/09\/M\u0259h\u0259rr\u0259m-QASIMLI-78x60.jpg 78w, https:\/\/edebiyyat-az.com\/wp-content\/uploads\/2026\/09\/M\u0259h\u0259rr\u0259m-QASIMLI.jpg 1487w\" sizes=\"auto, (max-width: 1024px) 100vw, 1024px\" \/><\/a><\/figure>\n\n\n\n<p class=\"wp-block-paragraph\">M\u0259h\u0259rr\u0259m Qas\u0131ml\u0131n\u0131n elmi f\u0259aliyy\u0259tinin m\u0259rk\u0259zind\u0259 a\u015f\u0131q s\u0259n\u0259ti v\u0259 ozan-a\u015f\u0131q t\u0259f\u0259kk\u00fcr\u00fcn\u00fcn \u00f6yr\u0259nilm\u0259si dayan\u0131r. M\u00fc\u0259llif &#8220;Ozan-a\u015f\u0131q s\u0259n\u0259ti&#8221; kimi monumental t\u0259dqiqatlar\u0131nda a\u015f\u0131q yarad\u0131c\u0131l\u0131\u011f\u0131n\u0131 sad\u0259c\u0259 musiqi v\u0259 poeziya sintezi kimi deyil, birba\u015fa t\u00fcrk mill\u0259tinin d\u00fcnyaqavray\u0131\u015f modeli kimi t\u0259qdim edir. Alimin elmi konsepsiyas\u0131nda milli ruhun t\u0259zah\u00fcr etdiyi \u0259sas m\u0259qamlar bunlard\u0131r:<\/p>\n\n\n\n<p class=\"wp-block-paragraph\">Etnik-m\u0259d\u0259ni yadda\u015f\u0131n b\u0259rpas\u0131: Qas\u0131ml\u0131 a\u015f\u0131q \u015feirinin formal g\u00f6st\u0259ricil\u0259rini t\u0259hlil etm\u0259kl\u0259 kifay\u0259tl\u0259nmir; qo\u015fma, t\u0259cnis, gerayl\u0131 kimi janrlar\u0131n arxas\u0131nda dayanan q\u0259dim mifoloji v\u0259 ritual yadda\u015f\u0131 \u00fcz\u0259 \u00e7\u0131xar\u0131r. T\u00fcrk\u00e7\u00fcl\u00fck v\u0259 v\u0259t\u0259n\u00e7ilik ideyalar\u0131: M\u00fc\u0259llif dastan yarad\u0131c\u0131l\u0131\u011f\u0131n\u0131 v\u0259 a\u015f\u0131q s\u0259n\u0259tini Az\u0259rbaycan d\u00f6vl\u0259t\u00e7ilik v\u0259 milli kimlik \u015f\u00fcurunun saxlay\u0131c\u0131s\u0131 kimi qiym\u0259tl\u0259ndirir. Milli dilin safl\u0131\u011f\u0131: Alim t\u0259dqiqatlar\u0131nda folklorun Az\u0259rbaycan t\u00fcrk\u00e7\u0259sinin leksik v\u0259 semantik z\u0259nginliyini qoruyub saxlayan \u0259sas m\u0259nb\u0259 oldu\u011funu elmi faktlarla s\u00fcbut edir.<\/p>\n\n\n\n<p class=\"wp-block-paragraph\">M\u0259h\u0259rr\u0259m Qas\u0131ml\u0131 elmi f\u0259aliyy\u0259ti il\u0259 yana\u015f\u0131, Orxan Pa\u015fa t\u0259x\u0259ll\u00fcs\u00fc il\u0259 q\u0259l\u0259m\u0259 ald\u0131\u011f\u0131 b\u0259dii \u0259s\u0259rl\u0259ri il\u0259 d\u0259 milli poeziyam\u0131z\u0131 z\u0259nginl\u0259\u015fdirmi\u015fdir. Onun \u015feirl\u0259rind\u0259ki milli ruh folklordan g\u0259l\u0259n t\u0259biilikl\u0259 m\u00fcasir milli-azadl\u0131q ruhunun sintezind\u0259n yaran\u0131r. Dig\u0259r t\u0259r\u0259fd\u0259n M. Qas\u0131ml\u0131n\u0131n poetik yarad\u0131c\u0131l\u0131\u011f\u0131nda milli ruhun \u0259sas x\u00fcsusiyy\u0259tl\u0259rinin m\u0259rk\u0259zind\u0259 saz, s\u00f6z m\u00fcq\u0259dd\u0259sliyi durur. \u015eeirl\u0259rind\u0259 saz ruhun, m\u0259n\u0259viyyat\u0131n v\u0259 ilahi sevgini ifad\u0259 ed\u0259n \u0259sas vasit\u0259dir. Yurd v\u0259 V\u0259t\u0259n h\u0259sr\u0259ti, x\u00fcsusil\u0259 Q\u0259rbi Az\u0259rbaycan, Qaraba\u011f v\u0259 q\u0259dim t\u00fcrk torpaqlar\u0131na olan ba\u011fl\u0131l\u0131q onun poeziyas\u0131nda milli dir\u00e7\u0259li\u015f ideyas\u0131 il\u0259 qovu\u015fur.<\/p>\n\n\n\n<p class=\"wp-block-paragraph\">N\u0259tic\u0259 olaraq qeyd ed\u0259 ki, folklor\u015f\u00fcnas alim, professor M\u0259h\u0259rr\u0259m Qas\u0131ml\u0131n\u0131n yarad\u0131c\u0131l\u0131\u011f\u0131 Az\u0259rbaycan milli ideologiyas\u0131n\u0131n v\u0259 elmi t\u0259f\u0259kk\u00fcr\u00fcn\u00fcn inki\u015faf\u0131nda m\u00fch\u00fcm m\u0259rh\u0259l\u0259dir. Onun elmi \u0259s\u0259rl\u0259ri folklorumuzu qorumaqla yana\u015f\u0131, g\u0259nc n\u0259sl\u0259 milli kimlik \u015f\u00fcurunun a\u015f\u0131lanmas\u0131nda m\u00fch\u00fcm rola malikdir. M.Qas\u0131ml\u0131 yarad\u0131c\u0131l\u0131\u011f\u0131ndak\u0131 milli ruh xalq\u0131n ke\u00e7mi\u015fi il\u0259 g\u0259l\u0259c\u0259yi aras\u0131nda m\u0259n\u0259vi k\u00f6rp\u00fc rolunu oynay\u0131r.<\/p>\n\n\n\n<p class=\"wp-block-paragraph\"><strong>Rizvan Qaraba\u011fl\u0131<br><\/strong><em>Memarl\u0131q \u00fczr\u0259 f\u0259ls\u0259f\u0259 doktoru<\/em><\/p>\n\n\n\n<p class=\"wp-block-paragraph\"><strong>M\u0259nb\u0259:\u00a0<a href=\"https:\/\/azerab.az\/\">https:\/\/azerab.az\/<\/a><\/strong><\/p>\n","protected":false},"excerpt":{"rendered":"<p>M\u0259h\u0259rr\u0259m Qas\u0131ml\u0131n\u0131n elmi f\u0259aliyy\u0259tinin m\u0259rk\u0259zind\u0259 a\u015f\u0131q s\u0259n\u0259ti v\u0259 ozan-a\u015f\u0131q t\u0259f\u0259kk\u00fcr\u00fcn\u00fcn \u00f6yr\u0259nilm\u0259si dayan\u0131r. M\u00fc\u0259llif &#8220;Ozan-a\u015f\u0131q s\u0259n\u0259ti&#8221; kimi monumental t\u0259dqiqatlar\u0131nda a\u015f\u0131q yarad\u0131c\u0131l\u0131\u011f\u0131n\u0131 sad\u0259c\u0259 musiqi v\u0259 poeziya sintezi kimi deyil, birba\u015fa t\u00fcrk mill\u0259tinin d\u00fcnyaqavray\u0131\u015f modeli kimi t\u0259qdim edir. Alimin elmi konsepsiyas\u0131nda milli ruhun t\u0259zah\u00fcr etdiyi \u0259sas m\u0259qamlar bunlard\u0131r: Etnik-m\u0259d\u0259ni yadda\u015f\u0131n b\u0259rpas\u0131: Qas\u0131ml\u0131 a\u015f\u0131q \u015feirinin formal g\u00f6st\u0259ricil\u0259rini t\u0259hlil etm\u0259kl\u0259 &hellip; <\/p>\n","protected":false},"author":2,"featured_media":0,"comment_status":"open","ping_status":"open","sticky":false,"template":"","format":"standard","meta":{"footnotes":""},"categories":[5],"tags":[],"class_list":["post-53080","post","type-post","status-publish","format-standard","hentry","category-pub","latest_post"],"_links":{"self":[{"href":"https:\/\/edebiyyat-az.com\/index.php?rest_route=\/wp\/v2\/posts\/53080","targetHints":{"allow":["GET"]}}],"collection":[{"href":"https:\/\/edebiyyat-az.com\/index.php?rest_route=\/wp\/v2\/posts"}],"about":[{"href":"https:\/\/edebiyyat-az.com\/index.php?rest_route=\/wp\/v2\/types\/post"}],"author":[{"embeddable":true,"href":"https:\/\/edebiyyat-az.com\/index.php?rest_route=\/wp\/v2\/users\/2"}],"replies":[{"embeddable":true,"href":"https:\/\/edebiyyat-az.com\/index.php?rest_route=%2Fwp%2Fv2%2Fcomments&post=53080"}],"version-history":[{"count":1,"href":"https:\/\/edebiyyat-az.com\/index.php?rest_route=\/wp\/v2\/posts\/53080\/revisions"}],"predecessor-version":[{"id":53091,"href":"https:\/\/edebiyyat-az.com\/index.php?rest_route=\/wp\/v2\/posts\/53080\/revisions\/53091"}],"wp:attachment":[{"href":"https:\/\/edebiyyat-az.com\/index.php?rest_route=%2Fwp%2Fv2%2Fmedia&parent=53080"}],"wp:term":[{"taxonomy":"category","embeddable":true,"href":"https:\/\/edebiyyat-az.com\/index.php?rest_route=%2Fwp%2Fv2%2Fcategories&post=53080"},{"taxonomy":"post_tag","embeddable":true,"href":"https:\/\/edebiyyat-az.com\/index.php?rest_route=%2Fwp%2Fv2%2Ftags&post=53080"}],"curies":[{"name":"wp","href":"https:\/\/api.w.org\/{rel}","templated":true}]}}