{"id":53081,"date":"2026-09-02T10:00:00","date_gmt":"2026-09-02T06:00:00","guid":{"rendered":"https:\/\/edebiyyat-az.com\/?p=53081"},"modified":"2026-09-02T10:13:28","modified_gmt":"2026-09-02T06:13:28","slug":"bakida-borcali-asiqlarinin-s%c9%99n%c9%99t-dunyasi-t%c9%99qdim-olunacaq","status":"publish","type":"post","link":"https:\/\/edebiyyat-az.com\/?p=53081","title":{"rendered":"Bak\u0131da Bor\u00e7al\u0131 a\u015f\u0131qlar\u0131n\u0131n s\u0259n\u0259t d\u00fcnyas\u0131 t\u0259qdim olunacaq"},"content":{"rendered":"\n<ul class=\"wp-block-list\">\n<li><\/li>\n<\/ul>\n\n\n\n<figure class=\"wp-block-image size-full\"><a href=\"https:\/\/edebiyyat-az.com\/wp-content\/uploads\/2026\/09\/AAB.jpg\"><img loading=\"lazy\" decoding=\"async\" width=\"923\" height=\"630\" src=\"https:\/\/edebiyyat-az.com\/wp-content\/uploads\/2026\/09\/AAB.jpg\" alt=\"\" class=\"wp-image-53092\" srcset=\"https:\/\/edebiyyat-az.com\/wp-content\/uploads\/2026\/09\/AAB.jpg 923w, https:\/\/edebiyyat-az.com\/wp-content\/uploads\/2026\/09\/AAB-300x205.jpg 300w, https:\/\/edebiyyat-az.com\/wp-content\/uploads\/2026\/09\/AAB-768x524.jpg 768w, https:\/\/edebiyyat-az.com\/wp-content\/uploads\/2026\/09\/AAB-88x60.jpg 88w\" sizes=\"auto, (max-width: 923px) 100vw, 923px\" \/><\/a><\/figure>\n\n\n\n<p class=\"wp-block-paragraph\">Az\u0259rbaycan Respublikas\u0131 Qeyri-H\u00f6k\u00fcm\u0259t T\u0259\u015fkilatlar\u0131na D\u00f6vl\u0259t D\u0259st\u0259yi Agentliyinin maliyy\u0259 d\u0259st\u0259yi il\u0259 \u201cOzan D\u00fcnyas\u0131\u201d A\u015f\u0131q Yarad\u0131c\u0131l\u0131\u011f\u0131n\u0131n T\u0259bli\u011fi \u0130ctimai Birliyind\u0259 h\u0259yata ke\u00e7iril\u0259n \u201cBor\u00e7al\u0131 a\u015f\u0131q m\u00fchitini tan\u0131yaq v\u0259 tan\u0131daq\u201d adl\u0131 layih\u0259 \u00e7\u0259r\u00e7iv\u0259sind\u0259 Bak\u0131da Bor\u00e7al\u0131 a\u015f\u0131qlar\u0131n\u0131n konserti t\u0259\u015fkil olunacaq.<\/p>\n\n\n\n<p class=\"wp-block-paragraph\">Bu bar\u0259d\u0259&nbsp;<a href=\"https:\/\/azertag.az\/\" target=\"_blank\" rel=\"noreferrer noopener\">AZ\u018fRTAC<\/a>-a \u0130ctimai Birliyin \u00fczv\u00fc, ustad a\u015f\u0131q Altay M\u0259mm\u0259dli m\u0259lumat verib.<\/p>\n\n\n\n<p class=\"wp-block-paragraph\">O bildirib ki, layih\u0259nin h\u0259yata ke\u00e7irilm\u0259sind\u0259 \u0259sas m\u0259qs\u0259d a\u015f\u0131q s\u0259n\u0259tinin inki\u015faf\u0131nda tarix\u0259n m\u00fch\u00fcm rol oynam\u0131\u015f Bor\u00e7al\u0131 a\u015f\u0131q m\u00fchiti haqq\u0131nda \u0259trafl\u0131 m\u0259lumat verm\u0259k, bu m\u00fchiti daha geni\u015f m\u00fcst\u0259vid\u0259 t\u0259qdim etm\u0259k, x\u00fcsus\u0259n d\u0259 bu m\u00fchitin a\u015f\u0131qlar\u0131na, onlar\u0131n ifalar\u0131ndak\u0131 \u00f6z\u00fcn\u0259m\u0259xsusluqlara diqq\u0259ti c\u0259lb etm\u0259kdir.<\/p>\n\n\n\n<p class=\"wp-block-paragraph\">\u201cSentyabr\u0131n 14-d\u0259 R\u0259\u015fid Behbudov ad\u0131na D\u00f6vl\u0259t Mahn\u0131 Teatr\u0131nda ke\u00e7iril\u0259c\u0259k t\u0259dbird\u0259 Bor\u00e7al\u0131 a\u015f\u0131q m\u00fchitini t\u0259msil ed\u0259n ustad a\u015f\u0131qlarla yana\u015f\u0131, s\u0259n\u0259td\u0259 ilk u\u011furlu add\u0131mlar\u0131n\u0131 atan v\u0259 sabahlar\u0131na b\u00f6y\u00fck \u00fcmidl\u0259r b\u0259sl\u0259nil\u0259n g\u0259ncl\u0259rin d\u0259 \u00e7\u0131x\u0131\u015flar\u0131 n\u0259z\u0259rd\u0259 tutulur. T\u0259dbird\u0259, \u0259sas\u0259n Bor\u00e7al\u0131 a\u015f\u0131q m\u00fchiti n\u00fcmay\u0259nd\u0259l\u0259rinin repertuar\u0131nda zaman-zaman m\u00fch\u00fcm yer tutmu\u015f a\u015f\u0131q havalar\u0131 s\u0259sl\u0259ndiril\u0259c\u0259k. Bu havalar\u0131n ifas\u0131 yaln\u0131z tama\u015fa\u00e7\u0131lar\u0131n z\u00f6vq\u00fcn\u00fc ox\u015famaqla kifay\u0259tl\u0259nm\u0259y\u0259c\u0259k, h\u0259m d\u0259 Bor\u00e7al\u0131 a\u015f\u0131q m\u00fchiti haqq\u0131nda daha \u0259hat\u0259li t\u0259s\u0259vv\u00fcr\u00fcn formala\u015fmas\u0131na, el\u0259c\u0259 d\u0259 bu m\u00fchitin dig\u0259r a\u015f\u0131q m\u00fchitl\u0259ri il\u0259 qar\u015f\u0131l\u0131ql\u0131 \u0259laq\u0259l\u0259rinin \u00f6yr\u0259nilm\u0259sin\u0259 m\u00fch\u00fcm t\u00f6hf\u0259 ver\u0259c\u0259k\u201d, &#8211; dey\u0259 Altay M\u0259mm\u0259dli vur\u011fulay\u0131b.<\/p>\n\n\n\n<p class=\"wp-block-paragraph\">Qeyd ed\u0259k ki, layih\u0259nin r\u0259hb\u0259ri \u201cOzan D\u00fcnyas\u0131\u201d A\u015f\u0131q Yarad\u0131c\u0131l\u0131\u011f\u0131n\u0131n T\u0259bli\u011fi \u0130ctimai Birliyinin s\u0259dri, \u018fm\u0259kdar m\u0259d\u0259niyy\u0259t i\u015f\u00e7isi Musa N\u0259bio\u011fludur.<\/p>\n\n\n\n<p class=\"wp-block-paragraph\">M\u0259nb\u0259:\u00a0<a href=\"https:\/\/azertag.az\/\">https:\/\/azertag.az\/<\/a><\/p>\n","protected":false},"excerpt":{"rendered":"<p>Az\u0259rbaycan Respublikas\u0131 Qeyri-H\u00f6k\u00fcm\u0259t T\u0259\u015fkilatlar\u0131na D\u00f6vl\u0259t D\u0259st\u0259yi Agentliyinin maliyy\u0259 d\u0259st\u0259yi il\u0259 \u201cOzan D\u00fcnyas\u0131\u201d A\u015f\u0131q Yarad\u0131c\u0131l\u0131\u011f\u0131n\u0131n T\u0259bli\u011fi \u0130ctimai Birliyind\u0259 h\u0259yata ke\u00e7iril\u0259n \u201cBor\u00e7al\u0131 a\u015f\u0131q m\u00fchitini tan\u0131yaq v\u0259 tan\u0131daq\u201d adl\u0131 layih\u0259 \u00e7\u0259r\u00e7iv\u0259sind\u0259 Bak\u0131da Bor\u00e7al\u0131 a\u015f\u0131qlar\u0131n\u0131n konserti t\u0259\u015fkil olunacaq. Bu bar\u0259d\u0259&nbsp;AZ\u018fRTAC-a \u0130ctimai Birliyin \u00fczv\u00fc, ustad a\u015f\u0131q Altay M\u0259mm\u0259dli m\u0259lumat verib. O bildirib ki, layih\u0259nin h\u0259yata ke\u00e7irilm\u0259sind\u0259 \u0259sas m\u0259qs\u0259d a\u015f\u0131q s\u0259n\u0259tinin &hellip; <\/p>\n","protected":false},"author":2,"featured_media":0,"comment_status":"open","ping_status":"open","sticky":false,"template":"","format":"standard","meta":{"footnotes":""},"categories":[49],"tags":[],"class_list":["post-53081","post","type-post","status-publish","format-standard","hentry","category-medeniyyat","latest_post"],"_links":{"self":[{"href":"https:\/\/edebiyyat-az.com\/index.php?rest_route=\/wp\/v2\/posts\/53081","targetHints":{"allow":["GET"]}}],"collection":[{"href":"https:\/\/edebiyyat-az.com\/index.php?rest_route=\/wp\/v2\/posts"}],"about":[{"href":"https:\/\/edebiyyat-az.com\/index.php?rest_route=\/wp\/v2\/types\/post"}],"author":[{"embeddable":true,"href":"https:\/\/edebiyyat-az.com\/index.php?rest_route=\/wp\/v2\/users\/2"}],"replies":[{"embeddable":true,"href":"https:\/\/edebiyyat-az.com\/index.php?rest_route=%2Fwp%2Fv2%2Fcomments&post=53081"}],"version-history":[{"count":1,"href":"https:\/\/edebiyyat-az.com\/index.php?rest_route=\/wp\/v2\/posts\/53081\/revisions"}],"predecessor-version":[{"id":53093,"href":"https:\/\/edebiyyat-az.com\/index.php?rest_route=\/wp\/v2\/posts\/53081\/revisions\/53093"}],"wp:attachment":[{"href":"https:\/\/edebiyyat-az.com\/index.php?rest_route=%2Fwp%2Fv2%2Fmedia&parent=53081"}],"wp:term":[{"taxonomy":"category","embeddable":true,"href":"https:\/\/edebiyyat-az.com\/index.php?rest_route=%2Fwp%2Fv2%2Fcategories&post=53081"},{"taxonomy":"post_tag","embeddable":true,"href":"https:\/\/edebiyyat-az.com\/index.php?rest_route=%2Fwp%2Fv2%2Ftags&post=53081"}],"curies":[{"name":"wp","href":"https:\/\/api.w.org\/{rel}","templated":true}]}}