{"id":53096,"date":"2026-09-03T08:00:00","date_gmt":"2026-09-03T04:00:00","guid":{"rendered":"https:\/\/edebiyyat-az.com\/?p=53096"},"modified":"2026-09-03T10:46:00","modified_gmt":"2026-09-03T06:46:00","slug":"suveren-az%c9%99rbaycanda-dil-situasiyasi-kitabi-cap-olunub","status":"publish","type":"post","link":"https:\/\/edebiyyat-az.com\/?p=53096","title":{"rendered":"\u201cSuveren Az\u0259rbaycanda dil situasiyas\u0131\u201d kitab\u0131 \u00e7ap olunub"},"content":{"rendered":"\n<ul class=\"wp-block-list\">\n<li><\/li>\n<\/ul>\n\n\n\n<figure class=\"wp-block-image size-large\"><img decoding=\"async\" src=\"https:\/\/azertag.az\/files\/2026\/3\/1200x630\/17883334555460854632_1200x630.jpg\" alt=\"\"\/><\/figure>\n\n\n\n<p class=\"wp-block-paragraph\">Filologiya \u00fczr\u0259 f\u0259ls\u0259f\u0259 doktoru, dosent Cahid Kaz\u0131movun \u201cSuveren Az\u0259rbaycanda dil situasiyas\u0131\u201d adl\u0131 kitab\u0131 \u00e7ap olunub.<\/p>\n\n\n\n<p class=\"wp-block-paragraph\"><a href=\"https:\/\/azertag.az\/\" target=\"_blank\" rel=\"noreferrer noopener\">AZ\u018fRTAC<\/a>&nbsp;x\u0259b\u0259r verir ki, n\u0259\u015frd\u0259 etnodil v\u0259 dil situasiyas\u0131 m\u0259s\u0259l\u0259l\u0259ri sosiolinqvistikan\u0131n m\u00fch\u00fcm t\u0259dqiqat istiqam\u0259tl\u0259rind\u0259n biri kimi ara\u015fd\u0131r\u0131l\u0131r, Az\u0259rbaycanda dil situasiyas\u0131n\u0131n tarixi inki\u015faf m\u0259rh\u0259l\u0259l\u0259ri elmi-n\u0259z\u0259ri bax\u0131mdan t\u0259hlil edilir. \u00d6lk\u0259d\u0259 dil situasiyas\u0131n\u0131n m\u00fc\u0259yy\u0259nl\u0259\u015fdirilm\u0259si yollar\u0131 g\u00f6st\u0259rilir, \u201csosial-kommunikativ sistem\u201din iyerarxiyas\u0131 v\u0259 komponentl\u0259ri d\u0259qiql\u0259\u015fdirilir.<\/p>\n\n\n\n<p class=\"wp-block-paragraph\">Kitab Az\u0259rbaycan Milli Elml\u0259r Akademiyas\u0131n\u0131n N\u0259simi ad\u0131na Dil\u00e7ilik \u0130nstitutunun Elmi \u015furas\u0131n\u0131n q\u0259rar\u0131 il\u0259 \u00e7ap olunub. \u018fs\u0259rd\u0259 Az\u0259rbaycanda dil situasiyas\u0131n\u0131n inki\u015faf dinamikas\u0131, ona t\u0259sir g\u00f6st\u0259r\u0259n obyektiv v\u0259 subyektiv amill\u0259r, dil situasiyas\u0131n\u0131n \u0259sas formalar\u0131 v\u0259 tipologiyas\u0131 geni\u015f \u015f\u0259kild\u0259 t\u0259dqiq olunur. Kommunikativlik dil situasiyas\u0131n\u0131n \u0259sas x\u00fcsusiyy\u0259tl\u0259rind\u0259n biri kimi n\u0259z\u0259rd\u0259n ke\u00e7irilir.<\/p>\n\n\n\n<p class=\"wp-block-paragraph\">Kitabda, h\u0259m\u00e7inin Az\u0259rbaycanda ya\u015fayan azsayl\u0131 xalqlar\u0131n dill\u0259rinin kontinuum s\u0259viyy\u0259l\u0259ri ara\u015fd\u0131r\u0131l\u0131r. Dil kontinuumu dilin k\u0259skin s\u0259rh\u0259dl\u0259rl\u0259 ayr\u0131lmayan, bir-biri il\u0259 qar\u015f\u0131l\u0131ql\u0131 v\u0259 davaml\u0131 \u0259laq\u0259d\u0259 olan m\u0259rh\u0259l\u0259 v\u0259 qatlar\u0131n\u0131 ifad\u0259 ed\u0259n anlay\u0131\u015f kimi izah olunur. T\u0259dqiqatda dil siyas\u0259ti il\u0259 dil situasiyas\u0131 aras\u0131ndak\u0131 qar\u015f\u0131l\u0131ql\u0131 \u0259laq\u0259l\u0259r t\u0259hlil edilir, bunun \u0259sas\u0131nda Az\u0259rbaycandak\u0131 dil m\u00fchitinin b\u00fct\u00f6v m\u0259nz\u0259r\u0259si t\u0259qdim olunur.<\/p>\n\n\n\n<p class=\"wp-block-paragraph\">N\u0259\u015frd\u0259 m\u00fcasir Az\u0259rbaycan c\u0259miyy\u0259tind\u0259 ba\u015f ver\u0259n dil prosesl\u0259rin\u0259, d\u00f6vl\u0259t dili il\u0259 \u00f6lk\u0259d\u0259 istifad\u0259 olunan dig\u0259r dill\u0259rin qar\u015f\u0131l\u0131ql\u0131 m\u00fcnasib\u0259tl\u0259rin\u0259 v\u0259 \u00e7oxdilli m\u00fchitin sosiolinqvistik x\u00fcsusiyy\u0259tl\u0259rin\u0259 d\u0259 elmi yana\u015fma ortaya qoyulur.<\/p>\n\n\n\n<p class=\"wp-block-paragraph\">\u201cSuveren Az\u0259rbaycanda dil situasiyas\u0131\u201d monoqrafiyas\u0131 Az\u0259rbaycan\u0131n m\u00fcasir dil m\u0259nz\u0259r\u0259sinin, \u00f6lk\u0259d\u0259 h\u0259yata ke\u00e7iril\u0259n dil siyas\u0259tinin v\u0259 m\u00fcxt\u0259lif dill\u0259rin funksional m\u00f6vqeyinin \u00f6yr\u0259nilm\u0259si bax\u0131m\u0131ndan elmi \u0259h\u0259miyy\u0259t da\u015f\u0131y\u0131r.<\/p>\n\n\n\n<p class=\"wp-block-paragraph\">Kitab dil\u00e7il\u0259r, filoloqlar, sosiolinqvistl\u0259r, t\u0259dqiqat\u00e7\u0131lar, ali m\u0259kt\u0259b m\u00fc\u0259lliml\u0259ri v\u0259 t\u0259l\u0259b\u0259l\u0259r, el\u0259c\u0259 d\u0259 Az\u0259rbaycan\u0131n dil siyas\u0259ti v\u0259 dil m\u00fchiti il\u0259 maraqlanan oxucular \u00fc\u00e7\u00fcn n\u0259z\u0259rd\u0259 tutulub.<\/p>\n\n\n\n<p class=\"wp-block-paragraph\">M\u0259nb\u0259:\u00a0<a href=\"https:\/\/azertag.az\/\">https:\/\/azertag.az\/<\/a><\/p>\n","protected":false},"excerpt":{"rendered":"<p>Filologiya \u00fczr\u0259 f\u0259ls\u0259f\u0259 doktoru, dosent Cahid Kaz\u0131movun \u201cSuveren Az\u0259rbaycanda dil situasiyas\u0131\u201d adl\u0131 kitab\u0131 \u00e7ap olunub. AZ\u018fRTAC&nbsp;x\u0259b\u0259r verir ki, n\u0259\u015frd\u0259 etnodil v\u0259 dil situasiyas\u0131 m\u0259s\u0259l\u0259l\u0259ri sosiolinqvistikan\u0131n m\u00fch\u00fcm t\u0259dqiqat istiqam\u0259tl\u0259rind\u0259n biri kimi ara\u015fd\u0131r\u0131l\u0131r, Az\u0259rbaycanda dil situasiyas\u0131n\u0131n tarixi inki\u015faf m\u0259rh\u0259l\u0259l\u0259ri elmi-n\u0259z\u0259ri bax\u0131mdan t\u0259hlil edilir. \u00d6lk\u0259d\u0259 dil situasiyas\u0131n\u0131n m\u00fc\u0259yy\u0259nl\u0259\u015fdirilm\u0259si yollar\u0131 g\u00f6st\u0259rilir, \u201csosial-kommunikativ sistem\u201din iyerarxiyas\u0131 v\u0259 komponentl\u0259ri d\u0259qiql\u0259\u015fdirilir. Kitab Az\u0259rbaycan &hellip; <\/p>\n","protected":false},"author":2,"featured_media":0,"comment_status":"open","ping_status":"open","sticky":false,"template":"","format":"standard","meta":{"footnotes":""},"categories":[35],"tags":[],"class_list":["post-53096","post","type-post","status-publish","format-standard","hentry","category-yeni-nsrlr","latest_post"],"_links":{"self":[{"href":"https:\/\/edebiyyat-az.com\/index.php?rest_route=\/wp\/v2\/posts\/53096","targetHints":{"allow":["GET"]}}],"collection":[{"href":"https:\/\/edebiyyat-az.com\/index.php?rest_route=\/wp\/v2\/posts"}],"about":[{"href":"https:\/\/edebiyyat-az.com\/index.php?rest_route=\/wp\/v2\/types\/post"}],"author":[{"embeddable":true,"href":"https:\/\/edebiyyat-az.com\/index.php?rest_route=\/wp\/v2\/users\/2"}],"replies":[{"embeddable":true,"href":"https:\/\/edebiyyat-az.com\/index.php?rest_route=%2Fwp%2Fv2%2Fcomments&post=53096"}],"version-history":[{"count":1,"href":"https:\/\/edebiyyat-az.com\/index.php?rest_route=\/wp\/v2\/posts\/53096\/revisions"}],"predecessor-version":[{"id":53103,"href":"https:\/\/edebiyyat-az.com\/index.php?rest_route=\/wp\/v2\/posts\/53096\/revisions\/53103"}],"wp:attachment":[{"href":"https:\/\/edebiyyat-az.com\/index.php?rest_route=%2Fwp%2Fv2%2Fmedia&parent=53096"}],"wp:term":[{"taxonomy":"category","embeddable":true,"href":"https:\/\/edebiyyat-az.com\/index.php?rest_route=%2Fwp%2Fv2%2Fcategories&post=53096"},{"taxonomy":"post_tag","embeddable":true,"href":"https:\/\/edebiyyat-az.com\/index.php?rest_route=%2Fwp%2Fv2%2Ftags&post=53096"}],"curies":[{"name":"wp","href":"https:\/\/api.w.org\/{rel}","templated":true}]}}