{"id":53098,"date":"2026-09-03T10:00:00","date_gmt":"2026-09-03T06:00:00","guid":{"rendered":"https:\/\/edebiyyat-az.com\/?p=53098"},"modified":"2026-09-03T10:49:07","modified_gmt":"2026-09-03T06:49:07","slug":"vuqar-ehmedin-mircelalin-publisistikasi-haqqinda-monqrafiyasi-cap-olunub","status":"publish","type":"post","link":"https:\/\/edebiyyat-az.com\/?p=53098","title":{"rendered":"V\u00dcQAR \u018fHM\u018fD\u0130N M\u0130RC\u018fLALIN PUBL\u0130S\u0130ST\u0130KASI HAQQINDA MONQRAF\u0130YASI \u00c7AP OLUNUB"},"content":{"rendered":"\n<figure class=\"wp-block-image size-full is-resized\"><a href=\"https:\/\/edebiyyat-az.com\/wp-content\/uploads\/2026\/09\/Professor-Vuqar-Ehm\u0259d-yeni-kitab-2026.jpg\"><img loading=\"lazy\" decoding=\"async\" width=\"720\" height=\"486\" src=\"https:\/\/edebiyyat-az.com\/wp-content\/uploads\/2026\/09\/Professor-Vuqar-Ehm\u0259d-yeni-kitab-2026.jpg\" alt=\"\" class=\"wp-image-53100\" style=\"width:840px;height:auto\" srcset=\"https:\/\/edebiyyat-az.com\/wp-content\/uploads\/2026\/09\/Professor-Vuqar-Ehm\u0259d-yeni-kitab-2026.jpg 720w, https:\/\/edebiyyat-az.com\/wp-content\/uploads\/2026\/09\/Professor-Vuqar-Ehm\u0259d-yeni-kitab-2026-300x203.jpg 300w, https:\/\/edebiyyat-az.com\/wp-content\/uploads\/2026\/09\/Professor-Vuqar-Ehm\u0259d-yeni-kitab-2026-89x60.jpg 89w\" sizes=\"auto, (max-width: 720px) 100vw, 720px\" \/><\/a><\/figure>\n\n\n\n<p class=\"wp-block-paragraph\"><em>AMEA Nizami G\u0259nc\u0259vi ad\u0131na \u018fd\u0259biyyat \u0130nstitutunun \u015f\u00f6b\u0259 m\u00fcdiri, filologiya elml\u0259ri doktoru, professor V\u00fcqar \u018fhm\u0259din \u201cMir C\u0259lal Pa\u015fayevin b\u0259dii publisistikas\u0131 v\u0259 m\u0259tbu f\u0259aliyy\u0259ti\u201d adl\u0131 monoqrafiyas\u0131 i\u015f\u0131q \u00fcz\u00fc g\u00f6r\u00fcb. (Bak\u0131-2026, \u201cElm v\u0259 T\u0259hsil\u201d) \u201cMir C\u0259lal Pa\u015fayevin b\u0259dii publisistikas\u0131 v\u0259 m\u0259tbu f\u0259aliyy\u0259ti\u201d monoqrafiyas\u0131 \u018fd\u0259biyyat \u0130nstitutu Elmi \u015euras\u0131n\u0131n<br>6 iyul 2026-c\u0131 il tarixli 5 sayl\u0131 q\u0259rar\u0131 il\u0259 \u00e7ap olunub. Kitab\u0131n elmi redaktoru v\u0259 \u00f6n s\u00f6z\u00fcn m\u00fc\u0259llifi M\u0259tbuat tarixi v\u0259 publisistika \u015f\u00f6b\u0259sinin ba\u015f elmi i\u015f\u00e7isi, filologiya elml\u0259ri doktoru, dosent G\u00fclb\u0259niz Babayeva, r\u0259y\u00e7il\u0259ri BDU-nun kafedra m\u00fcdiri, filologiya elml\u0259ri doktoru, professor Cahangir M\u0259mm\u0259dli, M\u0259tbuat tarixi v\u0259 publisistika \u015f\u00f6b\u0259sinin ba\u015f elmi i\u015f\u00e7isi, filologiya elml\u0259ri doktoru El\u00e7in Mehr\u0259liyev, \u018fd\u0259biyyat \u0130nstitutunun elmi katibi, filologiya \u00fczr\u0259 f\u0259ls\u0259f\u0259 doktoru,dosent Ayg\u00fcn Ba\u011f\u0131rl\u0131d\u0131r.<\/em><\/p>\n\n\n\n<p class=\"wp-block-paragraph\"><em>Monoqrafiyada XX \u0259sr Az\u0259rbaycan \u0259d\u0259biyyat\u0131n\u0131n, elmi-ictimai fikrinin v\u0259 milli m\u0259tbuat tarixinin g\u00f6rk\u0259mli n\u00fcmay\u0259nd\u0259si Mir C\u0259lal Pa\u015fayevin publisistik irsi v\u0259 m\u0259tbuat f\u0259aliyy\u0259ti ilk d\u0259f\u0259 sistemli \u015f\u0259kild\u0259 ara\u015fd\u0131r\u0131l\u0131r. \u018fdibin publisistikas\u0131n\u0131n m\u00f6vzu, ideya, janr v\u0259 \u00fcslub x\u00fcsusiyy\u0259tl\u0259ri d\u00f6vri m\u0259tbuat materiallar\u0131 \u0259sas\u0131nda t\u0259hlil olunur, onun Az\u0259rbaycan publisistikas\u0131n\u0131n inki\u015faf\u0131 v\u0259 milli m\u0259tbuat tarixind\u0259ki yeri elmi bax\u0131mdan y\u00fcks\u0259k qiym\u0259tl\u0259ndirilir.<\/em><\/p>\n\n\n\n<p class=\"wp-block-paragraph\"><em>T\u0259dqiqatda Mir C\u0259lal\u0131n 1920-ci ill\u0259rin ikinci yar\u0131s\u0131ndan etibar\u0259n \u00f6lk\u0259nin apar\u0131c\u0131 q\u0259zet v\u0259 jurnallar\u0131 il\u0259 \u0259m\u0259kda\u015fl\u0131\u011f\u0131, m\u0259tbuat\u0131n c\u0259miyy\u0259tin m\u0259n\u0259vi inki\u015faf\u0131ndak\u0131 roluna dair bax\u0131\u015flar\u0131 i\u015f\u0131qland\u0131r\u0131l\u0131r.<\/em><\/p>\n\n\n\n<p class=\"wp-block-paragraph\"><em>Monoqrafiya filoloqlar, \u0259d\u0259biyyat\u015f\u00fcnaslar, jurnalistl\u0259r, t\u0259dqiqat\u00e7\u0131lar, ali m\u0259kt\u0259b m\u00fc\u0259lliml\u0259ri, doktorant v\u0259 magistrantlar, h\u0259m\u00e7inin Mir C\u0259lal irsi v\u0259 Az\u0259rbaycan m\u0259tbuat tarixi il\u0259 maraqlanan oxucular, ara\u015fd\u0131rma\u00e7\u0131lar \u00fc\u00e7\u00fcn n\u0259z\u0259rd\u0259 tutulmu\u015fdur.<\/em><\/p>\n\n\n\n<p class=\"wp-block-paragraph\"><br><\/p>\n\n\n\n<p class=\"wp-block-paragraph\"><br><\/p>\n\n\n\n<p class=\"wp-block-paragraph\"><br><\/p>\n\n\n\n<p class=\"wp-block-paragraph\"><\/p>\n\n\n\n<p class=\"wp-block-paragraph\"><\/p>\n","protected":false},"excerpt":{"rendered":"<p>AMEA Nizami G\u0259nc\u0259vi ad\u0131na \u018fd\u0259biyyat \u0130nstitutunun \u015f\u00f6b\u0259 m\u00fcdiri, filologiya elml\u0259ri doktoru, professor V\u00fcqar \u018fhm\u0259din \u201cMir C\u0259lal Pa\u015fayevin b\u0259dii publisistikas\u0131 v\u0259 m\u0259tbu f\u0259aliyy\u0259ti\u201d adl\u0131 monoqrafiyas\u0131 i\u015f\u0131q \u00fcz\u00fc g\u00f6r\u00fcb. (Bak\u0131-2026, \u201cElm v\u0259 T\u0259hsil\u201d) \u201cMir C\u0259lal Pa\u015fayevin b\u0259dii publisistikas\u0131 v\u0259 m\u0259tbu f\u0259aliyy\u0259ti\u201d monoqrafiyas\u0131 \u018fd\u0259biyyat \u0130nstitutu Elmi \u015euras\u0131n\u0131n6 iyul 2026-c\u0131 il tarixli 5 sayl\u0131 q\u0259rar\u0131 il\u0259 \u00e7ap olunub. Kitab\u0131n &hellip; <\/p>\n","protected":false},"author":2,"featured_media":0,"comment_status":"open","ping_status":"open","sticky":false,"template":"","format":"standard","meta":{"footnotes":""},"categories":[35],"tags":[],"class_list":["post-53098","post","type-post","status-publish","format-standard","hentry","category-yeni-nsrlr","latest_post"],"_links":{"self":[{"href":"https:\/\/edebiyyat-az.com\/index.php?rest_route=\/wp\/v2\/posts\/53098","targetHints":{"allow":["GET"]}}],"collection":[{"href":"https:\/\/edebiyyat-az.com\/index.php?rest_route=\/wp\/v2\/posts"}],"about":[{"href":"https:\/\/edebiyyat-az.com\/index.php?rest_route=\/wp\/v2\/types\/post"}],"author":[{"embeddable":true,"href":"https:\/\/edebiyyat-az.com\/index.php?rest_route=\/wp\/v2\/users\/2"}],"replies":[{"embeddable":true,"href":"https:\/\/edebiyyat-az.com\/index.php?rest_route=%2Fwp%2Fv2%2Fcomments&post=53098"}],"version-history":[{"count":1,"href":"https:\/\/edebiyyat-az.com\/index.php?rest_route=\/wp\/v2\/posts\/53098\/revisions"}],"predecessor-version":[{"id":53105,"href":"https:\/\/edebiyyat-az.com\/index.php?rest_route=\/wp\/v2\/posts\/53098\/revisions\/53105"}],"wp:attachment":[{"href":"https:\/\/edebiyyat-az.com\/index.php?rest_route=%2Fwp%2Fv2%2Fmedia&parent=53098"}],"wp:term":[{"taxonomy":"category","embeddable":true,"href":"https:\/\/edebiyyat-az.com\/index.php?rest_route=%2Fwp%2Fv2%2Fcategories&post=53098"},{"taxonomy":"post_tag","embeddable":true,"href":"https:\/\/edebiyyat-az.com\/index.php?rest_route=%2Fwp%2Fv2%2Ftags&post=53098"}],"curies":[{"name":"wp","href":"https:\/\/api.w.org\/{rel}","templated":true}]}}