{"id":53099,"date":"2026-09-03T06:00:00","date_gmt":"2026-09-03T02:00:00","guid":{"rendered":"https:\/\/edebiyyat-az.com\/?p=53099"},"modified":"2026-09-03T10:45:04","modified_gmt":"2026-09-03T06:45:04","slug":"s%c9%99m%c9%99d-vurgun-xatir%c9%99l%c9%99rd%c9%99-azertac-yeni-silsil%c9%99-materiallara-baslayir","status":"publish","type":"post","link":"https:\/\/edebiyyat-az.com\/?p=53099","title":{"rendered":"\u201cS\u0259m\u0259d Vur\u011fun xatir\u0259l\u0259rd\u0259\u201d: AZ\u018fRTAC yeni silsil\u0259 materiallara ba\u015flay\u0131r"},"content":{"rendered":"\n<figure class=\"wp-block-image size-large\"><img decoding=\"async\" src=\"https:\/\/azertag.az\/files\/2026\/3\/1200x630\/17883370201920848344_1200x630.jpeg\" alt=\"\"\/><\/figure>\n\n\n\n<p class=\"wp-block-paragraph\">D\u00f6vl\u0259t ba\u015f\u00e7\u0131s\u0131n\u0131n m\u00fcvafiq S\u0259r\u0259ncam\u0131na \u0259sas\u0259n, bu il Az\u0259rbaycanda Xalq \u015fairi S\u0259m\u0259d Vur\u011funun anadan olmas\u0131n\u0131n 120 illiyi silsil\u0259 t\u0259dbirl\u0259rl\u0259 qeyd olunur.<\/p>\n\n\n\n<p class=\"wp-block-paragraph\">Yubiley ili \u00e7\u0259r\u00e7iv\u0259sind\u0259 g\u00f6rk\u0259mli s\u00f6z ustad\u0131n\u0131n z\u0259ngin irsinin qorunmas\u0131, \u00f6yr\u0259nilm\u0259si v\u0259 geni\u015f \u015f\u0259kild\u0259 t\u0259bli\u011fin\u0259 y\u00f6n\u0259lmi\u015f elmi, m\u0259d\u0259ni v\u0259 maarifl\u0259ndirici t\u0259dbirl\u0259r ke\u00e7irilir. Az\u0259rbaycan \u0259d\u0259biyyat\u0131 tarixind\u0259 x\u00fcsusi yeri olan S\u0259m\u0259d Vur\u011funun yarad\u0131c\u0131l\u0131\u011f\u0131 \u00f6t\u0259n onillikl\u0259r\u0259 baxmayaraq, aktuall\u0131\u011f\u0131n\u0131 itirmir. Onun \u0259s\u0259rl\u0259ri yeni n\u0259sill\u0259rin m\u0259n\u0259vi-\u0259xlaqi v\u0259 estetik t\u0259rbiy\u0259sind\u0259 m\u00fch\u00fcm rol oynamaqda davam edir.<\/p>\n\n\n\n<p class=\"wp-block-paragraph\">Xalq \u015fairinin 120 illik yubileyi il\u0259 \u0259laq\u0259dar&nbsp;<a href=\"https:\/\/azertag.az\/\" target=\"_blank\" rel=\"noreferrer noopener\">AZ\u018fRTAC<\/a>&nbsp;S\u0259m\u0259d Vur\u011funun geni\u015f oxucu k\u00fctl\u0259sin\u0259 az m\u0259lum olan h\u0259yat v\u0259 yarad\u0131c\u0131l\u0131q s\u0259hif\u0259l\u0259rin\u0259 h\u0259sr olunmu\u015f silsil\u0259 materiallar\u0131n d\u0259rcin\u0259 ba\u015flay\u0131r.<\/p>\n\n\n\n<p class=\"wp-block-paragraph\">G\u00f6rk\u0259mli \u015fairin h\u0259yat yolu ail\u0259 \u00fczvl\u0259rinin, yax\u0131nlar\u0131n\u0131n v\u0259 m\u00fcasirl\u0259rinin xatir\u0259l\u0259ri \u0259sas\u0131nda t\u0259qdim olunacaq. Materiallarda S\u0259m\u0259d Vur\u011funun insani keyfiyy\u0259tl\u0259rind\u0259n, xeyriyy\u0259\u00e7ilik f\u0259aliyy\u0259tind\u0259n, ail\u0259 h\u0259yat\u0131ndan, h\u0259yat yolda\u015f\u0131 v\u0259 \u00f6vladlar\u0131 il\u0259 m\u00fcnasib\u0259tl\u0259rind\u0259n, el\u0259c\u0259 d\u0259 \u015fairi yax\u0131ndan tan\u0131yan insanlar\u0131n yadda\u015f\u0131nda qalan maraql\u0131 v\u0259 diqq\u0259t\u00e7\u0259k\u0259n hadis\u0259l\u0259rd\u0259n b\u0259hs edil\u0259c\u0259k.<\/p>\n\n\n\n<p class=\"wp-block-paragraph\">Silsil\u0259d\u0259 \u201cS\u0259m\u0259d Vur\u011fun xatir\u0259l\u0259rd\u0259\u201d kitab\u0131nda toplanm\u0131\u015f xatir\u0259l\u0259r \u0259sas\u0131nda haz\u0131rlanm\u0131\u015f materiallara x\u00fcsusi yer veril\u0259c\u0259k. Kitab\u0131n n\u0259\u015fri \u00fczr\u0259 layih\u0259nin r\u0259hb\u0259ri \u015e\u0259mil Sadiq, redaktoru is\u0259 Aslan Salmansoydur. Kitabda \u015fairin ail\u0259 \u00fczvl\u0259rinin, yax\u0131nlar\u0131n\u0131n, dostlar\u0131n\u0131n v\u0259 m\u00fcasirl\u0259rinin xatir\u0259l\u0259ri yer al\u0131b. Bu xatir\u0259l\u0259r S\u0259m\u0259d Vur\u011funun h\u0259yat yolunu, \u015f\u0259xsi keyfiyy\u0259tl\u0259rini v\u0259 z\u0259ngin m\u0259n\u0259vi d\u00fcnyas\u0131n\u0131 daha d\u0259rind\u0259n anlama\u011fa imkan verir.<\/p>\n\n\n\n<p class=\"wp-block-paragraph\">Layih\u0259nin m\u0259qs\u0259di S\u0259m\u0259d Vur\u011funun \u015f\u0259xsiyy\u0259tini yaln\u0131z b\u00f6y\u00fck \u015fair v\u0259 g\u00f6rk\u0259mli ictimai xadim kimi deyil, h\u0259m d\u0259 parlaq xarakter\u0259 v\u0259 \u00f6z\u00fcn\u0259m\u0259xsus m\u0259n\u0259vi keyfiyy\u0259tl\u0259r\u0259 malik insan kimi t\u0259qdim etm\u0259kdir. Onun do\u011fmalar\u0131n\u0131n v\u0259 yax\u0131nlar\u0131n\u0131n xatir\u0259l\u0259ri \u0259sas\u0131nda haz\u0131rlanm\u0131\u015f materiallar g\u00f6rk\u0259mli s\u00f6z ustad\u0131n\u0131n h\u0259yat\u0131n\u0131n m\u00fcxt\u0259lif s\u0259hif\u0259l\u0259rin\u0259 yeni bax\u0131\u015f formala\u015fd\u0131rma\u011fa v\u0259 onun \u015f\u0259xsiyy\u0259ti haqq\u0131nda daha dol\u011fun t\u0259s\u0259vv\u00fcr yaratma\u011fa k\u00f6m\u0259k ed\u0259c\u0259k.<\/p>\n\n\n\n<p class=\"wp-block-paragraph\"><sub><em><strong>M\u00fc\u0259llif \u2013 G\u00fcnel Al\u0131yeva<\/strong><\/em><\/sub><\/p>\n\n\n\n<p class=\"wp-block-paragraph\">M\u0259nb\u0259:\u00a0<a href=\"https:\/\/azertag.az\/\">https:\/\/azertag.az\/<\/a><\/p>\n","protected":false},"excerpt":{"rendered":"<p>D\u00f6vl\u0259t ba\u015f\u00e7\u0131s\u0131n\u0131n m\u00fcvafiq S\u0259r\u0259ncam\u0131na \u0259sas\u0259n, bu il Az\u0259rbaycanda Xalq \u015fairi S\u0259m\u0259d Vur\u011funun anadan olmas\u0131n\u0131n 120 illiyi silsil\u0259 t\u0259dbirl\u0259rl\u0259 qeyd olunur. Yubiley ili \u00e7\u0259r\u00e7iv\u0259sind\u0259 g\u00f6rk\u0259mli s\u00f6z ustad\u0131n\u0131n z\u0259ngin irsinin qorunmas\u0131, \u00f6yr\u0259nilm\u0259si v\u0259 geni\u015f \u015f\u0259kild\u0259 t\u0259bli\u011fin\u0259 y\u00f6n\u0259lmi\u015f elmi, m\u0259d\u0259ni v\u0259 maarifl\u0259ndirici t\u0259dbirl\u0259r ke\u00e7irilir. Az\u0259rbaycan \u0259d\u0259biyyat\u0131 tarixind\u0259 x\u00fcsusi yeri olan S\u0259m\u0259d Vur\u011funun yarad\u0131c\u0131l\u0131\u011f\u0131 \u00f6t\u0259n onillikl\u0259r\u0259 baxmayaraq, aktuall\u0131\u011f\u0131n\u0131 itirmir. &hellip; <\/p>\n","protected":false},"author":2,"featured_media":0,"comment_status":"open","ping_status":"open","sticky":false,"template":"","format":"standard","meta":{"footnotes":""},"categories":[49],"tags":[],"class_list":["post-53099","post","type-post","status-publish","format-standard","hentry","category-medeniyyat","latest_post"],"_links":{"self":[{"href":"https:\/\/edebiyyat-az.com\/index.php?rest_route=\/wp\/v2\/posts\/53099","targetHints":{"allow":["GET"]}}],"collection":[{"href":"https:\/\/edebiyyat-az.com\/index.php?rest_route=\/wp\/v2\/posts"}],"about":[{"href":"https:\/\/edebiyyat-az.com\/index.php?rest_route=\/wp\/v2\/types\/post"}],"author":[{"embeddable":true,"href":"https:\/\/edebiyyat-az.com\/index.php?rest_route=\/wp\/v2\/users\/2"}],"replies":[{"embeddable":true,"href":"https:\/\/edebiyyat-az.com\/index.php?rest_route=%2Fwp%2Fv2%2Fcomments&post=53099"}],"version-history":[{"count":1,"href":"https:\/\/edebiyyat-az.com\/index.php?rest_route=\/wp\/v2\/posts\/53099\/revisions"}],"predecessor-version":[{"id":53101,"href":"https:\/\/edebiyyat-az.com\/index.php?rest_route=\/wp\/v2\/posts\/53099\/revisions\/53101"}],"wp:attachment":[{"href":"https:\/\/edebiyyat-az.com\/index.php?rest_route=%2Fwp%2Fv2%2Fmedia&parent=53099"}],"wp:term":[{"taxonomy":"category","embeddable":true,"href":"https:\/\/edebiyyat-az.com\/index.php?rest_route=%2Fwp%2Fv2%2Fcategories&post=53099"},{"taxonomy":"post_tag","embeddable":true,"href":"https:\/\/edebiyyat-az.com\/index.php?rest_route=%2Fwp%2Fv2%2Ftags&post=53099"}],"curies":[{"name":"wp","href":"https:\/\/api.w.org\/{rel}","templated":true}]}}