{"id":53107,"date":"2026-09-03T07:00:00","date_gmt":"2026-09-03T03:00:00","guid":{"rendered":"https:\/\/edebiyyat-az.com\/?p=53107"},"modified":"2026-09-03T12:44:57","modified_gmt":"2026-09-03T08:44:57","slug":"x%c9%99yal%c9%99-sevil-yeni-seirl%c9%99r-2026-xi-hiss%c9%99","status":"publish","type":"post","link":"https:\/\/edebiyyat-az.com\/?p=53107","title":{"rendered":"X\u0259yal\u0259 SEV\u0130L.Yeni \u015feirl\u0259r (2026) XI hiss\u0259"},"content":{"rendered":"\n<figure class=\"wp-block-image size-large\"><a href=\"https:\/\/edebiyyat-az.com\/wp-content\/uploads\/2026\/09\/X\u0259yal\u0259-SEVIL.jpg\"><img loading=\"lazy\" decoding=\"async\" width=\"768\" height=\"1024\" src=\"https:\/\/edebiyyat-az.com\/wp-content\/uploads\/2026\/09\/X\u0259yal\u0259-SEVIL-768x1024.jpg\" alt=\"\" class=\"wp-image-53115\" srcset=\"https:\/\/edebiyyat-az.com\/wp-content\/uploads\/2026\/09\/X\u0259yal\u0259-SEVIL-768x1024.jpg 768w, https:\/\/edebiyyat-az.com\/wp-content\/uploads\/2026\/09\/X\u0259yal\u0259-SEVIL-225x300.jpg 225w, https:\/\/edebiyyat-az.com\/wp-content\/uploads\/2026\/09\/X\u0259yal\u0259-SEVIL-1152x1536.jpg 1152w, https:\/\/edebiyyat-az.com\/wp-content\/uploads\/2026\/09\/X\u0259yal\u0259-SEVIL-45x60.jpg 45w, https:\/\/edebiyyat-az.com\/wp-content\/uploads\/2026\/09\/X\u0259yal\u0259-SEVIL.jpg 1536w\" sizes=\"auto, (max-width: 768px) 100vw, 768px\" \/><\/a><\/figure>\n\n\n\n<p class=\"wp-block-paragraph\"><strong><em>\u201cG\u0259nc \u018fdibl\u0259r M\u0259kt\u0259bi\u201dnin m\u00fcdavimi, Az\u0259rbaycan Yaz\u0131\u00e7\u0131lar Birliyinin (AYB) \u00fczv\u00fc, Az\u0259rbaycan Respublikas\u0131 Prezidenti t\u0259qa\u00fcd fondunun t\u0259qa\u00fcd\u00e7\u00fcs\u00fc,\u00a0<a href=\"http:\/\/edebiyyat-az.com\/\">Az\u0259rbaycan\u0131n M\u0259d\u0259niyy\u0259t v\u0259 \u018fd\u0259biyyat Portal\u0131<\/a>n\u0131n G\u018fNC\u018f B\u00fcrosunun R\u0259hb\u0259ri<\/em><\/strong>.<\/p>\n\n\n\n<p class=\"wp-block-paragraph\">* * *<\/p>\n\n\n\n<p class=\"wp-block-paragraph\">Bir add\u0131m ir\u0259li, bir add\u0131m geri,<br>Yen\u0259 eyni \u00e7\u0131x\u0131r yollar\u0131n sonu.<br>M\u0259n\u0259 bu havada \u00fc\u015f\u00fcm\u0259k qal\u0131r,<br>Bir d\u0259 ki, bir d\u0259 ki, d\u00fc\u015f\u00fcnm\u0259k onu.<\/p>\n\n\n\n<p class=\"wp-block-paragraph\">T\u0259z\u0259d\u0259n do\u011fulur bu ruh, bu b\u0259d\u0259n,<br>\u0130lahi, silinir yad\u0131m, yadda\u015f\u0131m.<br>\u018flim telefona gedir, qay\u0131d\u0131r,<br>G\u00f6r\u0259n n\u0259 d\u00fc\u015f\u00fcn\u00fcr x\u0259ttin o ba\u015f\u0131?<\/p>\n\n\n\n<p class=\"wp-block-paragraph\">Gec\u0259nin yars\u0131na qurum saat\u0131,<br>Oyan\u0131m dar\u0131x\u0131m, yat\u0131m dar\u0131x\u0131m.<br>Bu ya\u015fda \u0259rk\u00f6y\u00fcn ruhun ba\u015f\u0131n\u0131<br>Bilmir\u0259m m\u0259n nec\u0259 qat\u0131m\u2026 dar\u0131x\u0131m.<\/p>\n\n\n\n<p class=\"wp-block-paragraph\">Ya bir d\u0259 g\u00f6rm\u0259s\u0259m, m\u0259ni sevm\u0259s\u0259?<br>\u018fs\u0259n \u00fcr\u0259yimdi, yel deyil \u0259s\u0259n.<br>M\u0259n el\u0259 bilir\u0259m s\u0259ad\u0259t odu,<br>O n\u0259 bilir, nec\u0259 bilir, g\u00f6r\u0259s\u0259n?<\/p>\n\n\n\n<p class=\"wp-block-paragraph\">* * *<\/p>\n\n\n\n<p class=\"wp-block-paragraph\">R\u0259ngi d\u0259yi\u015fir havan\u0131n-<br>G\u00fcnd\u00fczd\u0259n gec\u0259 r\u0259ngin\u0259.<br>Yen\u0259 x\u0259yal\u0131m dolan\u0131r<br>H\u00fczn\u00fcm\u00fcn ne\u00e7\u0259 r\u0259ngin\u0259.<\/p>\n\n\n\n<p class=\"wp-block-paragraph\">Yen\u0259 ki\u00e7ilir g\u00f6z\u00fcmd\u0259<br>B\u00f6y\u00fctd\u00fcy\u00fcm adamlar-<br>\u00dcr\u0259yimin n\u0259 i\u00e7ind\u0259,<br>N\u0259 d\u0259 \u00e7\u00f6l\u00fcnd\u0259 adam var.<\/p>\n\n\n\n<p class=\"wp-block-paragraph\">Bu t\u0259kliyi ne\u00e7\u0259 yer\u0259<br>B\u00f6l\u00fcm ki, t\u0259k dar\u0131xmay\u0131m?<br>\u0130lahi, ba\u011fl\u0131 qap\u0131ma<br>\u018fl \u015f\u0259kli \u00e7\u0259k, dar\u0131xmay\u0131m.<\/p>\n","protected":false},"excerpt":{"rendered":"<p>\u201cG\u0259nc \u018fdibl\u0259r M\u0259kt\u0259bi\u201dnin m\u00fcdavimi, Az\u0259rbaycan Yaz\u0131\u00e7\u0131lar Birliyinin (AYB) \u00fczv\u00fc, Az\u0259rbaycan Respublikas\u0131 Prezidenti t\u0259qa\u00fcd fondunun t\u0259qa\u00fcd\u00e7\u00fcs\u00fc,\u00a0Az\u0259rbaycan\u0131n M\u0259d\u0259niyy\u0259t v\u0259 \u018fd\u0259biyyat Portal\u0131n\u0131n G\u018fNC\u018f B\u00fcrosunun R\u0259hb\u0259ri. * * * Bir add\u0131m ir\u0259li, bir add\u0131m geri,Yen\u0259 eyni \u00e7\u0131x\u0131r yollar\u0131n sonu.M\u0259n\u0259 bu havada \u00fc\u015f\u00fcm\u0259k qal\u0131r,Bir d\u0259 ki, bir d\u0259 ki, d\u00fc\u015f\u00fcnm\u0259k onu. T\u0259z\u0259d\u0259n do\u011fulur bu ruh, bu b\u0259d\u0259n,\u0130lahi, silinir yad\u0131m, yadda\u015f\u0131m.\u018flim &hellip; <\/p>\n","protected":false},"author":2,"featured_media":0,"comment_status":"open","ping_status":"open","sticky":false,"template":"","format":"standard","meta":{"footnotes":""},"categories":[4],"tags":[],"class_list":["post-53107","post","type-post","status-publish","format-standard","hentry","category-edeb","latest_post"],"_links":{"self":[{"href":"https:\/\/edebiyyat-az.com\/index.php?rest_route=\/wp\/v2\/posts\/53107","targetHints":{"allow":["GET"]}}],"collection":[{"href":"https:\/\/edebiyyat-az.com\/index.php?rest_route=\/wp\/v2\/posts"}],"about":[{"href":"https:\/\/edebiyyat-az.com\/index.php?rest_route=\/wp\/v2\/types\/post"}],"author":[{"embeddable":true,"href":"https:\/\/edebiyyat-az.com\/index.php?rest_route=\/wp\/v2\/users\/2"}],"replies":[{"embeddable":true,"href":"https:\/\/edebiyyat-az.com\/index.php?rest_route=%2Fwp%2Fv2%2Fcomments&post=53107"}],"version-history":[{"count":1,"href":"https:\/\/edebiyyat-az.com\/index.php?rest_route=\/wp\/v2\/posts\/53107\/revisions"}],"predecessor-version":[{"id":53116,"href":"https:\/\/edebiyyat-az.com\/index.php?rest_route=\/wp\/v2\/posts\/53107\/revisions\/53116"}],"wp:attachment":[{"href":"https:\/\/edebiyyat-az.com\/index.php?rest_route=%2Fwp%2Fv2%2Fmedia&parent=53107"}],"wp:term":[{"taxonomy":"category","embeddable":true,"href":"https:\/\/edebiyyat-az.com\/index.php?rest_route=%2Fwp%2Fv2%2Fcategories&post=53107"},{"taxonomy":"post_tag","embeddable":true,"href":"https:\/\/edebiyyat-az.com\/index.php?rest_route=%2Fwp%2Fv2%2Ftags&post=53107"}],"curies":[{"name":"wp","href":"https:\/\/api.w.org\/{rel}","templated":true}]}}