{"id":53112,"date":"2026-09-03T10:00:00","date_gmt":"2026-09-03T06:00:00","guid":{"rendered":"https:\/\/edebiyyat-az.com\/?p=53112"},"modified":"2026-09-03T13:08:16","modified_gmt":"2026-09-03T09:08:16","slug":"xalq-sairi-n%c9%99riman-hesenzade-poylu-vagzali","status":"publish","type":"post","link":"https:\/\/edebiyyat-az.com\/?p=53112","title":{"rendered":"Xalq \u015fairi N\u0259riman H\u018fS\u018fNZAD\u018f.&#8221;POYLU VA\u011eZALI&#8221;"},"content":{"rendered":"\n<figure class=\"wp-block-image size-full\"><a href=\"https:\/\/edebiyyat-az.com\/wp-content\/uploads\/2026\/09\/image.png\"><img loading=\"lazy\" decoding=\"async\" width=\"640\" height=\"411\" src=\"https:\/\/edebiyyat-az.com\/wp-content\/uploads\/2026\/09\/image.png\" alt=\"\" class=\"wp-image-53113\" srcset=\"https:\/\/edebiyyat-az.com\/wp-content\/uploads\/2026\/09\/image.png 640w, https:\/\/edebiyyat-az.com\/wp-content\/uploads\/2026\/09\/image-300x193.png 300w, https:\/\/edebiyyat-az.com\/wp-content\/uploads\/2026\/09\/image-93x60.png 93w\" sizes=\"auto, (max-width: 640px) 100vw, 640px\" \/><\/a><\/figure>\n\n\n\n<p class=\"wp-block-paragraph\">Yada d\u00fc\u015f\u00fcr K\u00fcr \u00e7ay\u0131,<br>Anal\u0131 vaxt\u0131m\u0131yd\u0131.<br>Bizim Poylu va\u011fzal\u0131<br>M\u0259nim paytaxt\u0131m\u0131yd\u0131!<br>Bilmirdim qay\u011f\u0131 n\u0259ydi.<br>A\u011fr\u0131 n\u0259ydi, fikir n\u0259!<br>M\u0259n meydan oxuyurdum<br>Bu d\u00fcnyan\u0131n \u00f6z\u00fcn\u0259.<br>\u018fyilib bu torpa\u011f\u0131<br>\u00d6p\u00fcr\u0259m indi, Tanr\u0131m!<br>O g\u00fcnl\u0259ri, aylar\u0131<br>Ka\u015f g\u00f6r\u0259m indi, Tanr\u0131m!<\/p>\n\n\n\n<p class=\"wp-block-paragraph\"><strong>Bak\u0131 \u015f\u0259h\u0259ri. 13.7.2025.<\/strong><\/p>\n\n\n\n<p class=\"wp-block-paragraph\"><strong>QEYD: Bu \u015feir g\u00f6rk\u0259mli Az\u0259rbaycan yaz\u0131\u00e7\u0131s\u0131 Varis Yol\u00e7uyevin facebbok s\u0259hif\u0259sind\u0259n g\u00f6t\u00fcr\u00fclm\u00fc\u015fd\u00fcr.<\/strong><\/p>\n","protected":false},"excerpt":{"rendered":"<p>Yada d\u00fc\u015f\u00fcr K\u00fcr \u00e7ay\u0131,Anal\u0131 vaxt\u0131m\u0131yd\u0131.Bizim Poylu va\u011fzal\u0131M\u0259nim paytaxt\u0131m\u0131yd\u0131!Bilmirdim qay\u011f\u0131 n\u0259ydi.A\u011fr\u0131 n\u0259ydi, fikir n\u0259!M\u0259n meydan oxuyurdumBu d\u00fcnyan\u0131n \u00f6z\u00fcn\u0259.\u018fyilib bu torpa\u011f\u0131\u00d6p\u00fcr\u0259m indi, Tanr\u0131m!O g\u00fcnl\u0259ri, aylar\u0131Ka\u015f g\u00f6r\u0259m indi, Tanr\u0131m! Bak\u0131 \u015f\u0259h\u0259ri. 13.7.2025. QEYD: Bu \u015feir g\u00f6rk\u0259mli Az\u0259rbaycan yaz\u0131\u00e7\u0131s\u0131 Varis Yol\u00e7uyevin facebbok s\u0259hif\u0259sind\u0259n g\u00f6t\u00fcr\u00fclm\u00fc\u015fd\u00fcr.<\/p>\n","protected":false},"author":2,"featured_media":0,"comment_status":"open","ping_status":"open","sticky":false,"template":"","format":"standard","meta":{"footnotes":""},"categories":[4],"tags":[],"class_list":["post-53112","post","type-post","status-publish","format-standard","hentry","category-edeb","latest_post"],"_links":{"self":[{"href":"https:\/\/edebiyyat-az.com\/index.php?rest_route=\/wp\/v2\/posts\/53112","targetHints":{"allow":["GET"]}}],"collection":[{"href":"https:\/\/edebiyyat-az.com\/index.php?rest_route=\/wp\/v2\/posts"}],"about":[{"href":"https:\/\/edebiyyat-az.com\/index.php?rest_route=\/wp\/v2\/types\/post"}],"author":[{"embeddable":true,"href":"https:\/\/edebiyyat-az.com\/index.php?rest_route=\/wp\/v2\/users\/2"}],"replies":[{"embeddable":true,"href":"https:\/\/edebiyyat-az.com\/index.php?rest_route=%2Fwp%2Fv2%2Fcomments&post=53112"}],"version-history":[{"count":2,"href":"https:\/\/edebiyyat-az.com\/index.php?rest_route=\/wp\/v2\/posts\/53112\/revisions"}],"predecessor-version":[{"id":53131,"href":"https:\/\/edebiyyat-az.com\/index.php?rest_route=\/wp\/v2\/posts\/53112\/revisions\/53131"}],"wp:attachment":[{"href":"https:\/\/edebiyyat-az.com\/index.php?rest_route=%2Fwp%2Fv2%2Fmedia&parent=53112"}],"wp:term":[{"taxonomy":"category","embeddable":true,"href":"https:\/\/edebiyyat-az.com\/index.php?rest_route=%2Fwp%2Fv2%2Fcategories&post=53112"},{"taxonomy":"post_tag","embeddable":true,"href":"https:\/\/edebiyyat-az.com\/index.php?rest_route=%2Fwp%2Fv2%2Ftags&post=53112"}],"curies":[{"name":"wp","href":"https:\/\/api.w.org\/{rel}","templated":true}]}}