{"id":53168,"date":"2026-09-03T17:00:00","date_gmt":"2026-09-03T13:00:00","guid":{"rendered":"https:\/\/edebiyyat-az.com\/?p=53168"},"modified":"2026-09-03T17:54:10","modified_gmt":"2026-09-03T13:54:10","slug":"ed%c9%99bi-ictimaiyy%c9%99t%c9%99-t%c9%99qdim-olunmasina-bu-gun-d%c9%99-ehtiyac-olmayan-xalq-sairi","status":"publish","type":"post","link":"https:\/\/edebiyyat-az.com\/?p=53168","title":{"rendered":"\u018fd\u0259bi ictimaiyy\u0259t\u0259 t\u0259qdim olunmas\u0131na bu g\u00fcn d\u0259 ehtiyac olmayan Xalq \u015fairi\u00a0"},"content":{"rendered":"\n<figure class=\"wp-block-image size-full is-resized\"><a href=\"https:\/\/edebiyyat-az.com\/wp-content\/uploads\/2026\/09\/Kamran-MURQUZOV.jpg\"><img loading=\"lazy\" decoding=\"async\" width=\"500\" height=\"436\" src=\"https:\/\/edebiyyat-az.com\/wp-content\/uploads\/2026\/09\/Kamran-MURQUZOV.jpg\" alt=\"\" class=\"wp-image-53173\" style=\"width:785px;height:auto\" srcset=\"https:\/\/edebiyyat-az.com\/wp-content\/uploads\/2026\/09\/Kamran-MURQUZOV.jpg 500w, https:\/\/edebiyyat-az.com\/wp-content\/uploads\/2026\/09\/Kamran-MURQUZOV-300x262.jpg 300w, https:\/\/edebiyyat-az.com\/wp-content\/uploads\/2026\/09\/Kamran-MURQUZOV-69x60.jpg 69w\" sizes=\"auto, (max-width: 500px) 100vw, 500px\" \/><\/a><\/figure>\n\n\n\n<p class=\"wp-block-paragraph\"><strong>Kamran Murquzov,<\/strong><\/p>\n\n\n\n<p class=\"wp-block-paragraph\"><strong>Az\u0259rbaycan Jurnalistl\u0259r Birliyinin \u00fczv\u00fc.<\/strong><\/p>\n\n\n\n<p class=\"wp-block-paragraph\"><strong>\u201c\u018fd\u0259biyyat v\u0259 inc\u0259s\u0259n\u0259t\u201d<\/strong><\/p>\n\n\n\n<p class=\"wp-block-paragraph\"><em>M\u00fcasir Az\u0259rbaycan \u0259d\u0259biyyat\u0131nda el\u0259 s\u00f6z s\u0259n\u0259tkarlar\u0131 var ki, onlar\u0131n ictimaiyy\u0259t\u0259 t\u0259qdim olunmas\u0131na bu g\u00fcn d\u0259 ehtiyac yoxdu. He\u00e7 \u015f\u00fcbh\u0259siz ki, T\u00fcrk d\u00fcnyas\u0131n\u0131n b\u00f6y\u00fck \u015fairi-Ustad s\u0259n\u0259tkar, Xalq \u015fairi Z\u0259limxan Yaqub bel\u0259 q\u0259l\u0259m sahibl\u0259rind\u0259n biridir.<\/em><\/p>\n\n\n\n<p class=\"wp-block-paragraph\">Ya\u015fad\u0131\u011f\u0131 65 illik \u015f\u0259r\u0259fli h\u0259yat yolunda bir \u00e7ox u\u011furlara imza atm\u0131\u015fd\u0131r. M\u0259s\u0259l\u0259n, uzun m\u00fcdd\u0259t Az\u0259rbaycan A\u015f\u0131qlar Birliyin\u0259 (2008-2016-c\u0131 ill\u0259r) r\u0259hb\u0259rlik ed\u0259n Xalq \u015fairi Z\u0259limxan Yaqubun yarad\u0131c\u0131l\u0131\u011f\u0131n\u0131n m\u00fch\u00fcm hiss\u0259sini T\u00fcrk-M\u00fcs\u0259lman \u0259xlaq\u0131, T\u00fcrk\u00e7\u00fcl\u00fck-Turan\u00e7\u0131l\u0131q ideologiyas\u0131n\u0131n t\u0259\u015fkil etdiyini n\u0259z\u0259r\u0259 alaraq, b\u00f6y\u00fck m\u0259mnunluq hissi il\u0259 dey\u0259 bil\u0259rik ki, Ankaradak\u0131 T\u00fcrk D\u00fcnyas\u0131 Ara\u015fd\u0131rmalar\u0131 Beyn\u0259lxalq Elml\u0259r Akademiyas\u0131n\u0131n Beyn\u0259lxalq \u00d6d\u00fcl Komit\u0259sinin 7 fevral 2014-c\u00fc il tarixli q\u0259rar\u0131yla Z\u0259limxan Yaqubun T\u00fcrk \u0259d\u0259biyyat\u0131na y\u00fcks\u0259k xidm\u0259tl\u0259rin\u0259 g\u00f6r\u0259 Beyn\u0259lxalq Nazim Hikm\u0259t \u015eeir M\u00fckafat\u0131 il\u0259 t\u0259ltif olunmas\u0131 \u0259d\u0259biyyat\u0131m\u0131z\u0131n n\u00f6vb\u0259ti u\u011furlar\u0131 kimi xarakteriz\u0259 olunmal\u0131d\u0131r<\/p>\n\n\n\n<p class=\"wp-block-paragraph\">M\u00fcxt\u0259lif ill\u0259rd\u0259 d\u00fcnyan\u0131n bir \u00e7ox \u00f6lk\u0259l\u0259rind\u0259 k\u00fctl\u0259vi tirajlarla yeni \u015feirl\u0259r kitab\u0131 i\u015f\u0131q g\u00f6rm\u00fc\u015fd\u00fc. Milyonlarla oxucunun q\u0259lbind\u0259 \u0259b\u0259di olaraq taxt qurma\u011fa m\u00fcv\u0259ff\u0259q olan q\u00fcdr\u0259tli s\u00f6z s\u0259n\u0259tkar\u0131, Az\u0259rbaycan\u0131n, o c\u00fcml\u0259d\u0259n T\u00fcrk xalqlar\u0131n\u0131n F\u0259xri, q\u00fcrur yeri kimi s\u0259ciyyl\u0259ndirilm\u0259y\u0259 layiq olan, \u00f6mr\u00fcn\u00fc-g\u00fcn\u00fc xalq\u0131n\u0131n, mill\u0259tinin, elinin, obas\u0131n\u0131n i\u00e7ind\u0259 ke\u00e7ir\u0259n, m\u00f6vzu-m\u0259zmun bax\u0131m\u0131ndan bir-birind\u0259n daha g\u00f6z\u0259l, r\u0259ngar\u0259ng s\u0259n\u0259t \u0259s\u0259rl\u0259ri \u0259rs\u0259y\u0259 g\u0259tirm\u0259y\u0259 m\u00fc\u0259ss\u0259r olan, he\u00e7 \u015f\u00fcbh\u0259siz ki, Sevimli Xalq \u015fairimiz Z\u0259limxan YAQUBdur!!!<\/p>\n\n\n\n<p class=\"wp-block-paragraph\">\u00d6z\u00fcn\u00fc h\u0259mi\u015f\u0259 do\u011fma bildiyi xalq\u0131ndan ayr\u0131 bilm\u0259y\u0259n, n\u0259f\u0259si q\u0259d\u0259r t\u0259miz, s\u00f6z\u00fc q\u0259d\u0259r d\u0259rin, bax\u0131\u015f\u0131 q\u0259d\u0259r pak olan bir mill\u0259tin-AZ\u018fRBAYCANIMIZIN b\u00f6y\u00fck \u015fairi oldu\u011funu d\u0259f\u0259l\u0259rl\u0259 ist\u0259r \u0259d\u0259bi m\u0259clisl\u0259rd\u0259, ist\u0259rs\u0259 d\u0259 \u0259s\u0259rl\u0259rind\u0259 f\u0259xrl\u0259, q\u00fcrur hissi il\u0259 qeyd etm\u0259si \u0259d\u0259bi bir fakt olaraq, bu g\u00fcn biz oxucular\u0131 sevindirir.<\/p>\n\n\n\n<p class=\"wp-block-paragraph\">&nbsp;XX \u0259srin 90-c\u0131 ill\u0259rind\u0259 \u0259d\u0259biyyat\u0131m\u0131zda \u00f6z d\u0259sti-x\u0259tti il\u0259 se\u00e7il\u0259n, Az\u0259rbaycan xalq\u0131n\u0131n azadl\u0131q v\u0259 m\u00fccahid \u015fairi-Xalq \u015fairimiz X\u0259lil Rza ULUT\u00dcRKun \u201cZ\u0259limxan yegan\u0259 \u015fairdir ki, Az\u0259rbaycanda he\u00e7 bir t\u0259bli\u011fata ehtiyac\u0131 yoxdur\u201d k\u0259lm\u0259si bu g\u00fcn d\u0259 \u00f6z\u00fcn\u00fcn t\u0259sdiqini tap\u0131b. Eyni zamanda, b\u00f6y\u00fck \u00fcmman, s\u00f6z s\u0259n\u0259tind\u0259 b\u0259nz\u0259ri olmayan Z\u0259limxan Yaqubu \u201c\u018fb\u0259di Prometey, \u0259b\u0259di S\u0259m\u0259nd\u0259r qu\u015fu\u201d &nbsp;adland\u0131rmas\u0131 is\u0259 he\u00e7 d\u0259 t\u0259sad\u00fcfi deyildir.<\/p>\n\n\n\n<p class=\"wp-block-paragraph\">&nbsp;2016-c\u0131 ild\u0259 Az\u0259rbaycan A\u015f\u0131qlar Birliyinin katibi, \u018fm\u0259kdar m\u0259d\u0259niyy\u0259t i\u015f\u00e7isi, &#8220;Ozan d\u00fcnyas\u0131&#8221; jurnal\u0131n\u0131n Ba\u015f redaktoru Musa N\u0259bio\u011flunun n\u0259\u015fr\u0259 haz\u0131rlad\u0131\u011f\u0131 &#8220;\u018fb\u0259di Prometey&#8221; kitab\u0131nda m\u00fc\u0259llif-Ustad \u015fair X\u0259lil Rza ULUT\u00dcRK b\u00f6y\u00fck co\u015fqu il\u0259 \u015fair Z\u0259limxan Yaqubu \u015feirimizin, poeziyam\u0131z\u0131n, Az\u0259rbaycan xalq\u0131n\u0131n ba\u015fucal\u0131\u011f\u0131 olmas\u0131n\u0131 \u0259d\u0259bi ictimaiyy\u0259tin n\u0259z\u0259rin\u0259 \u00e7atd\u0131r\u0131lm\u0131\u015fd\u0131r.<\/p>\n\n\n\n<p class=\"wp-block-paragraph\">Az\u0259rbaycan Respublikas\u0131n\u0131n Prezidenti \u0130lham \u018fliyevin 12 iyul 2005-ci il tarixli s\u0259r\u0259ncam\u0131na \u0259sas\u0259n Az\u0259rbaycan Respublikas\u0131n\u0131n Xalq \u015fairi f\u0259xri ad\u0131na layiq g\u00f6r\u00fclm\u0259si is\u0259 Z\u0259limxan Yaqubun \u015f\u0259xsi h\u0259yat\u0131nda, z\u0259ngin b\u0259dii yarad\u0131c\u0131l\u0131q f\u0259aliyy\u0259tind\u0259 bir \u00e7ox yenilikl\u0259rin m\u00fc\u015fahid\u0259 olunmas\u0131na r\u0259vac verdi.<\/p>\n\n\n\n<p class=\"wp-block-paragraph\">\u00dcmumilikd\u0259 is\u0259, hans\u0131 m\u00f6vzuda yazmas\u0131ndan as\u0131l\u0131 olmayaraq, h\u0259mi\u015f\u0259 \u00f6z s\u0259mimiyy\u0259ti, k\u00f6vr\u0259k misralar\u0131 il\u0259 se\u00e7il\u0259n s\u00f6z s\u0259n\u0259tkarlar\u0131m\u0131zdan biridir Z\u0259limxan YAQUB.<\/p>\n\n\n\n<p class=\"wp-block-paragraph\"><strong>\u201c\u018fd\u0259biyyat v\u0259 inc\u0259s\u0259n\u0259t\u201d<\/strong><\/p>\n\n\n\n<p class=\"wp-block-paragraph\"><strong>(02.08.2026)<\/strong><\/p>\n\n\n\n<p class=\"wp-block-paragraph\"><strong>M\u0259nb\u0259: <a href=\"https:\/\/edebiyyatveincesenet.az\/\">https:\/\/edebiyyatveincesenet.az\/<\/a><\/strong><\/p>\n","protected":false},"excerpt":{"rendered":"<p>Kamran Murquzov, Az\u0259rbaycan Jurnalistl\u0259r Birliyinin \u00fczv\u00fc. \u201c\u018fd\u0259biyyat v\u0259 inc\u0259s\u0259n\u0259t\u201d M\u00fcasir Az\u0259rbaycan \u0259d\u0259biyyat\u0131nda el\u0259 s\u00f6z s\u0259n\u0259tkarlar\u0131 var ki, onlar\u0131n ictimaiyy\u0259t\u0259 t\u0259qdim olunmas\u0131na bu g\u00fcn d\u0259 ehtiyac yoxdu. He\u00e7 \u015f\u00fcbh\u0259siz ki, T\u00fcrk d\u00fcnyas\u0131n\u0131n b\u00f6y\u00fck \u015fairi-Ustad s\u0259n\u0259tkar, Xalq \u015fairi Z\u0259limxan Yaqub bel\u0259 q\u0259l\u0259m sahibl\u0259rind\u0259n biridir. Ya\u015fad\u0131\u011f\u0131 65 illik \u015f\u0259r\u0259fli h\u0259yat yolunda bir \u00e7ox u\u011furlara imza atm\u0131\u015fd\u0131r. M\u0259s\u0259l\u0259n, uzun &hellip; <\/p>\n","protected":false},"author":2,"featured_media":0,"comment_status":"open","ping_status":"open","sticky":false,"template":"","format":"standard","meta":{"footnotes":""},"categories":[5],"tags":[],"class_list":["post-53168","post","type-post","status-publish","format-standard","hentry","category-pub","latest_post"],"_links":{"self":[{"href":"https:\/\/edebiyyat-az.com\/index.php?rest_route=\/wp\/v2\/posts\/53168","targetHints":{"allow":["GET"]}}],"collection":[{"href":"https:\/\/edebiyyat-az.com\/index.php?rest_route=\/wp\/v2\/posts"}],"about":[{"href":"https:\/\/edebiyyat-az.com\/index.php?rest_route=\/wp\/v2\/types\/post"}],"author":[{"embeddable":true,"href":"https:\/\/edebiyyat-az.com\/index.php?rest_route=\/wp\/v2\/users\/2"}],"replies":[{"embeddable":true,"href":"https:\/\/edebiyyat-az.com\/index.php?rest_route=%2Fwp%2Fv2%2Fcomments&post=53168"}],"version-history":[{"count":1,"href":"https:\/\/edebiyyat-az.com\/index.php?rest_route=\/wp\/v2\/posts\/53168\/revisions"}],"predecessor-version":[{"id":53175,"href":"https:\/\/edebiyyat-az.com\/index.php?rest_route=\/wp\/v2\/posts\/53168\/revisions\/53175"}],"wp:attachment":[{"href":"https:\/\/edebiyyat-az.com\/index.php?rest_route=%2Fwp%2Fv2%2Fmedia&parent=53168"}],"wp:term":[{"taxonomy":"category","embeddable":true,"href":"https:\/\/edebiyyat-az.com\/index.php?rest_route=%2Fwp%2Fv2%2Fcategories&post=53168"},{"taxonomy":"post_tag","embeddable":true,"href":"https:\/\/edebiyyat-az.com\/index.php?rest_route=%2Fwp%2Fv2%2Ftags&post=53168"}],"curies":[{"name":"wp","href":"https:\/\/api.w.org\/{rel}","templated":true}]}}