{"id":53179,"date":"2026-09-03T18:45:00","date_gmt":"2026-09-03T14:45:00","guid":{"rendered":"https:\/\/edebiyyat-az.com\/?p=53179"},"modified":"2026-09-03T18:54:49","modified_gmt":"2026-09-03T14:54:49","slug":"sair%c9%99-publisist-n%c9%99cib%c9%99-ilkin-m%c9%99n%c9%99-el%c9%99-g%c9%99lir-ki","status":"publish","type":"post","link":"https:\/\/edebiyyat-az.com\/?p=53179","title":{"rendered":"\u015eair\u0259-publisist N\u0259cib\u0259 \u0130LK\u0130N.&#8221;M\u0259n\u0259 el\u0259 g\u0259lir ki\u2026&#8221;"},"content":{"rendered":"\n<figure class=\"wp-block-image size-large\"><a href=\"http:\/\/edebiyyat-az.com\/wp-content\/uploads\/2026\/06\/N\u0259cib\u0259-Ilkin-1.jpg\"><img loading=\"lazy\" decoding=\"async\" width=\"933\" height=\"1024\" src=\"http:\/\/edebiyyat-az.com\/wp-content\/uploads\/2026\/06\/N\u0259cib\u0259-Ilkin-1-933x1024.jpg\" alt=\"\" class=\"wp-image-51818\" srcset=\"https:\/\/edebiyyat-az.com\/wp-content\/uploads\/2026\/06\/N\u0259cib\u0259-Ilkin-1-933x1024.jpg 933w, https:\/\/edebiyyat-az.com\/wp-content\/uploads\/2026\/06\/N\u0259cib\u0259-Ilkin-1-273x300.jpg 273w, https:\/\/edebiyyat-az.com\/wp-content\/uploads\/2026\/06\/N\u0259cib\u0259-Ilkin-1-768x843.jpg 768w, https:\/\/edebiyyat-az.com\/wp-content\/uploads\/2026\/06\/N\u0259cib\u0259-Ilkin-1.jpg 948w\" sizes=\"auto, (max-width: 933px) 100vw, 933px\" \/><\/a><\/figure>\n\n\n\n<p class=\"wp-block-paragraph\"><em><strong>Az\u0259rbaycan Yaz\u0131\u00e7\u0131lar v\u0259 Jurnalistl\u0259r Birlikl\u0259rinin \u00fczv\u00fc, Az\u0259rbaycan Respublikas\u0131 Prezidenti T\u0259qa\u00fcd Fondunun t\u0259qa\u00fcd\u00e7\u00fcs\u00fc, \u201cAzad q\u0259l\u0259m\u201d \u0259d\u0259bi-b\u0259dii, ictimai-publisistik q\u0259zetinin v\u0259 \u201cAli Ziya\u201d \u0259d\u0259bi-b\u0259dii, elmi-publisistik jurnal\u0131n\u0131n t\u0259sis\u00e7isi v\u0259 ba\u015f redaktoru<\/strong><\/em><\/p>\n\n\n\n<p class=\"wp-block-paragraph\"><br>M\u0259n\u0259 el\u0259 g\u0259lir ki,<br>Ne\u00e7\u0259 il bundan \u00f6nc\u0259<br>G\u00f6r\u00fc\u015fm\u00fc\u015f\u0259m s\u0259ninl\u0259.<br>Bilm\u0259m hans\u0131 k\u00fc\u00e7\u0259d\u0259,<br>Bilm\u0259m hans\u0131 dalanda,<br>Bilm\u0259m hans\u0131 d\u00f6ng\u0259d\u0259,<br>Bilm\u0259m saat ne\u00e7\u0259d\u0259?<br>El\u0259 o vaxt, o zaman<br>Xatir\u0259 kimi qal\u0131b<br>\u00dcr\u0259yimin k\u00fcnc\u00fcnd\u0259.<br>Saat\u0131n \u0259qr\u0259bi t\u0259k<br>Geriy\u0259 d\u00f6nd\u00fc zaman.<br>S\u0259ni g\u00f6r\u0259n o g\u00fcnd\u0259n<br>S\u0259ni g\u00f6rd\u00fcy\u00fcm andan.<br>Xatir\u0259l\u0259r dil a\u00e7d\u0131,<br>Buz ba\u011flam\u0131\u015f h\u0259sr\u0259tin<br>Bax\u0131\u015f\u0131yla q\u0259lbim\u0259\u2026<br>Bu bax\u0131\u015flar tan\u0131\u015fd\u0131<br>Ruhumun yadda\u015f\u0131na.<br>M\u0259ni qaytard\u0131n yen\u0259<br>E\u015fqimin bax\u0131\u015f\u0131na\u2026<br>S\u0259n dem\u0259, sevgisin\u0259<br>Yoluxdu\u011fum adamsan.<br>\u0130ndi bildim d\u0259li t\u0259k<br>dar\u0131xd\u0131\u011f\u0131m adamsan\u2026<\/p>\n","protected":false},"excerpt":{"rendered":"<p>Az\u0259rbaycan Yaz\u0131\u00e7\u0131lar v\u0259 Jurnalistl\u0259r Birlikl\u0259rinin \u00fczv\u00fc, Az\u0259rbaycan Respublikas\u0131 Prezidenti T\u0259qa\u00fcd Fondunun t\u0259qa\u00fcd\u00e7\u00fcs\u00fc, \u201cAzad q\u0259l\u0259m\u201d \u0259d\u0259bi-b\u0259dii, ictimai-publisistik q\u0259zetinin v\u0259 \u201cAli Ziya\u201d \u0259d\u0259bi-b\u0259dii, elmi-publisistik jurnal\u0131n\u0131n t\u0259sis\u00e7isi v\u0259 ba\u015f redaktoru M\u0259n\u0259 el\u0259 g\u0259lir ki,Ne\u00e7\u0259 il bundan \u00f6nc\u0259G\u00f6r\u00fc\u015fm\u00fc\u015f\u0259m s\u0259ninl\u0259.Bilm\u0259m hans\u0131 k\u00fc\u00e7\u0259d\u0259,Bilm\u0259m hans\u0131 dalanda,Bilm\u0259m hans\u0131 d\u00f6ng\u0259d\u0259,Bilm\u0259m saat ne\u00e7\u0259d\u0259?El\u0259 o vaxt, o zamanXatir\u0259 kimi qal\u0131b\u00dcr\u0259yimin k\u00fcnc\u00fcnd\u0259.Saat\u0131n \u0259qr\u0259bi t\u0259kGeriy\u0259 d\u00f6nd\u00fc zaman.S\u0259ni g\u00f6r\u0259n &hellip; <\/p>\n","protected":false},"author":2,"featured_media":0,"comment_status":"open","ping_status":"open","sticky":false,"template":"","format":"standard","meta":{"footnotes":""},"categories":[4],"tags":[],"class_list":["post-53179","post","type-post","status-publish","format-standard","hentry","category-edeb","latest_post"],"_links":{"self":[{"href":"https:\/\/edebiyyat-az.com\/index.php?rest_route=\/wp\/v2\/posts\/53179","targetHints":{"allow":["GET"]}}],"collection":[{"href":"https:\/\/edebiyyat-az.com\/index.php?rest_route=\/wp\/v2\/posts"}],"about":[{"href":"https:\/\/edebiyyat-az.com\/index.php?rest_route=\/wp\/v2\/types\/post"}],"author":[{"embeddable":true,"href":"https:\/\/edebiyyat-az.com\/index.php?rest_route=\/wp\/v2\/users\/2"}],"replies":[{"embeddable":true,"href":"https:\/\/edebiyyat-az.com\/index.php?rest_route=%2Fwp%2Fv2%2Fcomments&post=53179"}],"version-history":[{"count":1,"href":"https:\/\/edebiyyat-az.com\/index.php?rest_route=\/wp\/v2\/posts\/53179\/revisions"}],"predecessor-version":[{"id":53181,"href":"https:\/\/edebiyyat-az.com\/index.php?rest_route=\/wp\/v2\/posts\/53179\/revisions\/53181"}],"wp:attachment":[{"href":"https:\/\/edebiyyat-az.com\/index.php?rest_route=%2Fwp%2Fv2%2Fmedia&parent=53179"}],"wp:term":[{"taxonomy":"category","embeddable":true,"href":"https:\/\/edebiyyat-az.com\/index.php?rest_route=%2Fwp%2Fv2%2Fcategories&post=53179"},{"taxonomy":"post_tag","embeddable":true,"href":"https:\/\/edebiyyat-az.com\/index.php?rest_route=%2Fwp%2Fv2%2Ftags&post=53179"}],"curies":[{"name":"wp","href":"https:\/\/api.w.org\/{rel}","templated":true}]}}