{"id":53182,"date":"2026-09-04T06:00:00","date_gmt":"2026-09-04T02:00:00","guid":{"rendered":"https:\/\/edebiyyat-az.com\/?p=53182"},"modified":"2026-09-04T12:19:16","modified_gmt":"2026-09-04T08:19:16","slug":"az%c9%99rbaycan-il%c9%99-bp-sirk%c9%99ti-arasinda-m%c9%99d%c9%99ni-%c9%99m%c9%99kdasliq-m%c9%99s%c9%99l%c9%99l%c9%99ri-muzakir%c9%99-olunub","status":"publish","type":"post","link":"https:\/\/edebiyyat-az.com\/?p=53182","title":{"rendered":"Az\u0259rbaycan il\u0259 bp \u015firk\u0259ti aras\u0131nda m\u0259d\u0259ni \u0259m\u0259kda\u015fl\u0131q m\u0259s\u0259l\u0259l\u0259ri m\u00fczakir\u0259 olunub"},"content":{"rendered":"\n<figure class=\"wp-block-image size-large\"><img decoding=\"async\" src=\"https:\/\/admin.culture.gov.az\/storage\/uploads\/news\/coverImages\/az\/81qSQXdYgsnAUf3NDgE31788443623.jpeg\" alt=\"\"\/><\/figure>\n\n\n\n<p class=\"wp-block-paragraph\">Az\u0259rbaycan Respublikas\u0131n\u0131n m\u0259d\u0259niyy\u0259t naziri Adil K\u0259rimli sentyabr\u0131n 2-d\u0259 bp-nin X\u0259z\u0259r, M\u0259rk\u0259zi Asiya v\u0259 T\u00fcrkiy\u0259 \u00fczr\u0259 regional prezidenti Cio Kristofoli il\u0259 g\u00f6r\u00fc\u015f\u00fcb.<br>Qona\u011f\u0131 salamlayan nazir Az\u0259rbaycan il\u0259 bp aras\u0131nda u\u011furlu \u0259m\u0259kda\u015fl\u0131\u011f\u0131n istiqam\u0259tl\u0259rind\u0259n birinin d\u0259 m\u0259d\u0259niyy\u0259t sah\u0259si oldu\u011funu bildirib. Qeyd olunub ki, \u015firk\u0259tin muzey v\u0259 s\u0259rgil\u0259rin t\u0259\u015fkili, yarad\u0131c\u0131 t\u0259\u015f\u0259bb\u00fcsl\u0259rin t\u0259\u015fviqi, o c\u00fcml\u0259d\u0259n g\u00f6rk\u0259mli m\u0259d\u0259niyy\u0259t xadiml\u0259rinin irsi il\u0259 ba\u011fl\u0131 n\u0259\u015frl\u0259r\u0259 verdiyi d\u0259st\u0259k t\u0259qdir\u0259layiqdir.<br>\u015eirk\u0259tin regional prezidenti Cio Kristofoli Az\u0259rbaycanda m\u0259d\u0259niyy\u0259t sah\u0259sind\u0259 m\u00fcxt\u0259lif layih\u0259l\u0259r\u0259 bundan sonra da d\u0259st\u0259k g\u00f6st\u0259r\u0259c\u0259kl\u0259rini diqq\u0259t\u0259 \u00e7atd\u0131r\u0131b.<br>S\u00f6hb\u0259t zaman\u0131 \u0259laq\u0259l\u0259rin daha da geni\u015fl\u0259ndirilm\u0259si, eyni zamanda tarixi filml\u0259rin \u00e7\u0259kili\u015fi sah\u0259sind\u0259 \u0259m\u0259kda\u015fl\u0131\u011fa dair fikir m\u00fcbadil\u0259si apar\u0131l\u0131b.<br>M\u0259d\u0259niyy\u0259t naziri C.Kristofolini M\u0259d\u0259niyy\u0259t Nazirliyinin Yarad\u0131c\u0131 M\u0259rk\u0259zi il\u0259 tan\u0131\u015fl\u0131\u011fa, h\u0259m\u00e7inin bu il oktyabr\u0131n 27\u201329-da Bak\u0131da ke\u00e7iril\u0259c\u0259k VII \u00dcmumd\u00fcnya M\u0259d\u0259niyy\u0259tl\u0259raras\u0131 Dialoq Forumuna d\u0259v\u0259t edib.<br>G\u00f6r\u00fc\u015fd\u0259 bp-nin X\u0259z\u0259r, M\u0259rk\u0259zi Asiya v\u0259 T\u00fcrkiy\u0259 regionunda kommunikasiya v\u0259 xarici \u0259laq\u0259l\u0259r \u00fczr\u0259 vitse-prezidenti B\u0259xtiyar Aslanb\u0259yli d\u0259 i\u015ftirak edib.<\/p>\n\n\n\n<p class=\"wp-block-paragraph\"><strong>M\u0259nb\u0259:\u00a0<a href=\"https:\/\/culture.gov.az\/\">https:\/\/culture.gov.az\/<\/a><\/strong><\/p>\n","protected":false},"excerpt":{"rendered":"<p>Az\u0259rbaycan Respublikas\u0131n\u0131n m\u0259d\u0259niyy\u0259t naziri Adil K\u0259rimli sentyabr\u0131n 2-d\u0259 bp-nin X\u0259z\u0259r, M\u0259rk\u0259zi Asiya v\u0259 T\u00fcrkiy\u0259 \u00fczr\u0259 regional prezidenti Cio Kristofoli il\u0259 g\u00f6r\u00fc\u015f\u00fcb.Qona\u011f\u0131 salamlayan nazir Az\u0259rbaycan il\u0259 bp aras\u0131nda u\u011furlu \u0259m\u0259kda\u015fl\u0131\u011f\u0131n istiqam\u0259tl\u0259rind\u0259n birinin d\u0259 m\u0259d\u0259niyy\u0259t sah\u0259si oldu\u011funu bildirib. Qeyd olunub ki, \u015firk\u0259tin muzey v\u0259 s\u0259rgil\u0259rin t\u0259\u015fkili, yarad\u0131c\u0131 t\u0259\u015f\u0259bb\u00fcsl\u0259rin t\u0259\u015fviqi, o c\u00fcml\u0259d\u0259n g\u00f6rk\u0259mli m\u0259d\u0259niyy\u0259t xadiml\u0259rinin irsi il\u0259 ba\u011fl\u0131 &hellip; <\/p>\n","protected":false},"author":2,"featured_media":0,"comment_status":"open","ping_status":"open","sticky":false,"template":"","format":"standard","meta":{"footnotes":""},"categories":[49],"tags":[],"class_list":["post-53182","post","type-post","status-publish","format-standard","hentry","category-medeniyyat","latest_post"],"_links":{"self":[{"href":"https:\/\/edebiyyat-az.com\/index.php?rest_route=\/wp\/v2\/posts\/53182","targetHints":{"allow":["GET"]}}],"collection":[{"href":"https:\/\/edebiyyat-az.com\/index.php?rest_route=\/wp\/v2\/posts"}],"about":[{"href":"https:\/\/edebiyyat-az.com\/index.php?rest_route=\/wp\/v2\/types\/post"}],"author":[{"embeddable":true,"href":"https:\/\/edebiyyat-az.com\/index.php?rest_route=\/wp\/v2\/users\/2"}],"replies":[{"embeddable":true,"href":"https:\/\/edebiyyat-az.com\/index.php?rest_route=%2Fwp%2Fv2%2Fcomments&post=53182"}],"version-history":[{"count":1,"href":"https:\/\/edebiyyat-az.com\/index.php?rest_route=\/wp\/v2\/posts\/53182\/revisions"}],"predecessor-version":[{"id":53190,"href":"https:\/\/edebiyyat-az.com\/index.php?rest_route=\/wp\/v2\/posts\/53182\/revisions\/53190"}],"wp:attachment":[{"href":"https:\/\/edebiyyat-az.com\/index.php?rest_route=%2Fwp%2Fv2%2Fmedia&parent=53182"}],"wp:term":[{"taxonomy":"category","embeddable":true,"href":"https:\/\/edebiyyat-az.com\/index.php?rest_route=%2Fwp%2Fv2%2Fcategories&post=53182"},{"taxonomy":"post_tag","embeddable":true,"href":"https:\/\/edebiyyat-az.com\/index.php?rest_route=%2Fwp%2Fv2%2Ftags&post=53182"}],"curies":[{"name":"wp","href":"https:\/\/api.w.org\/{rel}","templated":true}]}}