{"id":53186,"date":"2026-09-04T09:00:00","date_gmt":"2026-09-04T05:00:00","guid":{"rendered":"https:\/\/edebiyyat-az.com\/?p=53186"},"modified":"2026-09-04T12:23:36","modified_gmt":"2026-09-04T08:23:36","slug":"az%c9%99rbaycan-ankarada-beyn%c9%99lxalq-moda-s%c9%99rgisind%c9%99-t%c9%99msil-olunur","status":"publish","type":"post","link":"https:\/\/edebiyyat-az.com\/?p=53186","title":{"rendered":"Az\u0259rbaycan Ankarada beyn\u0259lxalq moda s\u0259rgisind\u0259 t\u0259msil olunur"},"content":{"rendered":"\n<figure class=\"wp-block-image size-large\"><img decoding=\"async\" src=\"https:\/\/azertag.az\/files\/galleryphoto\/2026\/3\/1200x630\/1788450891528014455_1200x630.jpeg\" alt=\"\"\/><\/figure>\n\n\n\n<p class=\"wp-block-paragraph\">Ankaradak\u0131 \u201cATO Congresium\u201d s\u0259rgi m\u0259rk\u0259zind\u0259 \u201cCapital of Fashion COF\u201926\u201d Beyn\u0259lxalq Haz\u0131r Geyiml\u0259r Moda S\u0259rgisi ke\u00e7irilir.<\/p>\n\n\n\n<p class=\"wp-block-paragraph\"><a href=\"https:\/\/azertag.az\/\" target=\"_blank\" rel=\"noreferrer noopener\">AZ\u018fRTAC<\/a>&nbsp;x\u0259b\u0259r verir ki, Anadolunun \u0259n b\u00f6y\u00fck s\u0259rgil\u0259rind\u0259n hesab olunan t\u0259dbir T\u00fcrkiy\u0259 il\u0259 yana\u015f\u0131, m\u00fcxt\u0259lif \u00f6lk\u0259l\u0259rd\u0259n moda v\u0259 haz\u0131r geyim sektorunun n\u00fcmay\u0259nd\u0259l\u0259rini, \u015firk\u0259tl\u0259ri, dizaynerl\u0259ri v\u0259 ziyar\u0259t\u00e7il\u0259ri bir araya g\u0259tirib.<\/p>\n\n\n\n<p class=\"wp-block-paragraph\">Az\u0259rbaycan\u0131n T\u00fcrkiy\u0259d\u0259ki s\u0259firliyinin n\u0259zdind\u0259 Az\u0259rbaycan M\u0259d\u0259niyy\u0259t M\u0259rk\u0259zinin t\u0259\u015fkilat\u00e7\u0131l\u0131\u011f\u0131 il\u0259 \u00f6lk\u0259miz beyn\u0259lxalq s\u0259rgid\u0259 geni\u015f \u015f\u0259kild\u0259 t\u0259msil olunur.<\/p>\n\n\n\n<p class=\"wp-block-paragraph\">S\u0259rgi \u00e7\u0259r\u00e7iv\u0259sind\u0259 ke\u00e7iril\u0259n moda n\u00fcmayi\u015find\u0259 Az\u0259rbaycan\u0131n \u201cTaylors Home\u201d geyim v\u0259 par\u00e7a butikinin t\u0259qdim etdiyi g\u0259linlik kolleksiyas\u0131 x\u00fcsusi maraqla qar\u015f\u0131lan\u0131b. Kolleksiyaya daxil olan 10 f\u0259rqli g\u0259linlik t\u00fcrk manekenl\u0259r t\u0259r\u0259find\u0259n n\u00fcmayi\u015f etdirilib. Az\u0259rbaycan moda s\u0259nayesinin z\u00f6vq v\u0259 estetik yana\u015fmas\u0131n\u0131 \u0259ks etdir\u0259n kolleksiya s\u0259rgi i\u015ftirak\u00e7\u0131lar\u0131 v\u0259 ziyar\u0259t\u00e7il\u0259rin b\u00f6y\u00fck mara\u011f\u0131na s\u0259b\u0259b olub.<\/p>\n\n\n\n<p class=\"wp-block-paragraph\">Az\u0259rbaycan\u0131n beyn\u0259lxalq moda platformas\u0131nda t\u0259msil olunmas\u0131 \u00f6lk\u0259mizin m\u00fcasir moda v\u0259 dizayn potensial\u0131n\u0131n T\u00fcrkiy\u0259 ictimaiyy\u0259tin\u0259 v\u0259 xarici qonaqlara tan\u0131d\u0131lmas\u0131, bu sah\u0259d\u0259 yeni \u0259laq\u0259l\u0259rin v\u0259 \u0259m\u0259kda\u015fl\u0131q imkanlar\u0131n\u0131n yarad\u0131lmas\u0131 bax\u0131m\u0131ndan m\u00fch\u00fcm \u0259h\u0259miyy\u0259t da\u015f\u0131y\u0131r.<\/p>\n\n\n\n<p class=\"wp-block-paragraph\">Qeyd ed\u0259k ki, Ankara Geyim \u0130stehsal\u00e7\u0131lar\u0131 D\u0259rn\u0259yinin d\u0259st\u0259yi il\u0259 t\u0259\u015fkil olunan Ankara Moda S\u0259rgisi yeni moda meyill\u0259rinin v\u0259 kolleksiyalar\u0131n t\u0259qdim edildiyi, sektorda yeni \u0259m\u0259kda\u015fl\u0131qlar\u0131n quruldu\u011fu m\u00fch\u00fcm beyn\u0259lxalq platformalardan biridir. S\u0259rgi \u00e7\u0259r\u00e7iv\u0259sind\u0259 i\u015fg\u00fczar g\u00f6r\u00fc\u015fl\u0259r ke\u00e7irilir, haz\u0131r geyim v\u0259 moda s\u0259nayesi \u00fczr\u0259 idxal-ixrac imkanlar\u0131 m\u00fczakir\u0259 olunur, yeni t\u0259r\u0259fda\u015fl\u0131qlar\u0131n yarad\u0131lmas\u0131 \u00fc\u00e7\u00fcn \u015f\u0259rait formala\u015fd\u0131r\u0131l\u0131r.<\/p>\n\n\n\n<p class=\"wp-block-paragraph\">Sentyabr\u0131n 5-n\u0259 q\u0259d\u0259r davam ed\u0259c\u0259k beyn\u0259lxalq s\u0259rgid\u0259 T\u00fcrkiy\u0259nin v\u0259 d\u00fcnyan\u0131n haz\u0131r geyim v\u0259 moda s\u0259nayesi sah\u0259sind\u0259 f\u0259aliyy\u0259t g\u00f6st\u0259r\u0259n apar\u0131c\u0131 \u015firk\u0259tl\u0259ri v\u0259 brendl\u0259ri t\u0259msil olunurlar.<\/p>\n\n\n\n<p class=\"wp-block-paragraph\"><sub><em><strong>Ramin Abdullayev<\/strong><\/em><\/sub><\/p>\n\n\n\n<p class=\"wp-block-paragraph\"><sub><em><strong><a href=\"https:\/\/azertag.az\/\" target=\"_blank\" rel=\"noreferrer noopener\">AZ\u018fRTAC<\/a>-\u0131n x\u00fcsusi m\u00fcxbiri<\/strong><\/em><\/sub><\/p>\n\n\n\n<p class=\"wp-block-paragraph\"><sub><em><strong>Ankara<\/strong><\/em><\/sub><\/p>\n\n\n\n<p class=\"wp-block-paragraph\">M\u0259nb\u0259:\u00a0<a href=\"https:\/\/azertag.az\/\">https:\/\/azertag.az\/<\/a><\/p>\n","protected":false},"excerpt":{"rendered":"<p>Ankaradak\u0131 \u201cATO Congresium\u201d s\u0259rgi m\u0259rk\u0259zind\u0259 \u201cCapital of Fashion COF\u201926\u201d Beyn\u0259lxalq Haz\u0131r Geyiml\u0259r Moda S\u0259rgisi ke\u00e7irilir. AZ\u018fRTAC&nbsp;x\u0259b\u0259r verir ki, Anadolunun \u0259n b\u00f6y\u00fck s\u0259rgil\u0259rind\u0259n hesab olunan t\u0259dbir T\u00fcrkiy\u0259 il\u0259 yana\u015f\u0131, m\u00fcxt\u0259lif \u00f6lk\u0259l\u0259rd\u0259n moda v\u0259 haz\u0131r geyim sektorunun n\u00fcmay\u0259nd\u0259l\u0259rini, \u015firk\u0259tl\u0259ri, dizaynerl\u0259ri v\u0259 ziyar\u0259t\u00e7il\u0259ri bir araya g\u0259tirib. Az\u0259rbaycan\u0131n T\u00fcrkiy\u0259d\u0259ki s\u0259firliyinin n\u0259zdind\u0259 Az\u0259rbaycan M\u0259d\u0259niyy\u0259t M\u0259rk\u0259zinin t\u0259\u015fkilat\u00e7\u0131l\u0131\u011f\u0131 il\u0259 \u00f6lk\u0259miz beyn\u0259lxalq s\u0259rgid\u0259 &hellip; <\/p>\n","protected":false},"author":2,"featured_media":0,"comment_status":"open","ping_status":"open","sticky":false,"template":"","format":"standard","meta":{"footnotes":""},"categories":[49],"tags":[],"class_list":["post-53186","post","type-post","status-publish","format-standard","hentry","category-medeniyyat","latest_post"],"_links":{"self":[{"href":"https:\/\/edebiyyat-az.com\/index.php?rest_route=\/wp\/v2\/posts\/53186","targetHints":{"allow":["GET"]}}],"collection":[{"href":"https:\/\/edebiyyat-az.com\/index.php?rest_route=\/wp\/v2\/posts"}],"about":[{"href":"https:\/\/edebiyyat-az.com\/index.php?rest_route=\/wp\/v2\/types\/post"}],"author":[{"embeddable":true,"href":"https:\/\/edebiyyat-az.com\/index.php?rest_route=\/wp\/v2\/users\/2"}],"replies":[{"embeddable":true,"href":"https:\/\/edebiyyat-az.com\/index.php?rest_route=%2Fwp%2Fv2%2Fcomments&post=53186"}],"version-history":[{"count":1,"href":"https:\/\/edebiyyat-az.com\/index.php?rest_route=\/wp\/v2\/posts\/53186\/revisions"}],"predecessor-version":[{"id":53193,"href":"https:\/\/edebiyyat-az.com\/index.php?rest_route=\/wp\/v2\/posts\/53186\/revisions\/53193"}],"wp:attachment":[{"href":"https:\/\/edebiyyat-az.com\/index.php?rest_route=%2Fwp%2Fv2%2Fmedia&parent=53186"}],"wp:term":[{"taxonomy":"category","embeddable":true,"href":"https:\/\/edebiyyat-az.com\/index.php?rest_route=%2Fwp%2Fv2%2Fcategories&post=53186"},{"taxonomy":"post_tag","embeddable":true,"href":"https:\/\/edebiyyat-az.com\/index.php?rest_route=%2Fwp%2Fv2%2Ftags&post=53186"}],"curies":[{"name":"wp","href":"https:\/\/api.w.org\/{rel}","templated":true}]}}