{"id":53187,"date":"2026-09-04T10:00:00","date_gmt":"2026-09-04T06:00:00","guid":{"rendered":"https:\/\/edebiyyat-az.com\/?p=53187"},"modified":"2026-09-04T12:26:10","modified_gmt":"2026-09-04T08:26:10","slug":"samaxida-novb%c9%99ti-uzum-v%c9%99-s%c9%99rab-festivali-keciril%c9%99c%c9%99k","status":"publish","type":"post","link":"https:\/\/edebiyyat-az.com\/?p=53187","title":{"rendered":"\u015eamax\u0131da n\u00f6vb\u0259ti \u00dcz\u00fcm v\u0259 \u015e\u0259rab Festival\u0131 ke\u00e7iril\u0259c\u0259k"},"content":{"rendered":"\n<figure class=\"wp-block-image size-large\"><img decoding=\"async\" src=\"https:\/\/azertag.az\/files\/2026\/3\/1200x630\/17885065864447013798_1200x630.jpg\" alt=\"\"\/><\/figure>\n\n\n\n<p class=\"wp-block-paragraph\">Sentyabr\u0131n 19-20-d\u0259 \u015eamax\u0131da n\u00f6vb\u0259ti \u00dcz\u00fcm v\u0259 \u015e\u0259rab Festival\u0131 ke\u00e7iril\u0259c\u0259k.<\/p>\n\n\n\n<p class=\"wp-block-paragraph\"><a href=\"https:\/\/azertag.az\/\" target=\"_blank\" rel=\"noreferrer noopener\">AZ\u018fRTAC<\/a>&nbsp;x\u0259b\u0259r verir ki, festival \u015eamax\u0131 Rayon \u0130cra Hakimiyy\u0259ti, Abqora restoran\u0131 v\u0259 \u201cN\u0259simi ba\u011flar\u0131\u201d kompleksinin t\u0259\u015fkilat\u00e7\u0131l\u0131\u011f\u0131 il\u0259 \u015eamax\u0131 rayonunun Meys\u0259ri k\u0259ndind\u0259 ba\u015f tutacaq.<\/p>\n\n\n\n<p class=\"wp-block-paragraph\">Art\u0131q 5-ci d\u0259f\u0259dir t\u0259\u015fkil olunacaq festival\u0131n m\u0259qs\u0259di yerli \u00fcz\u00fcm v\u0259 \u015f\u0259rab istehsal\u0131n\u0131n t\u0259\u015fviqi, \u015f\u0259rab m\u0259hsullar\u0131n\u0131n ixrac potensial\u0131n\u0131n art\u0131r\u0131lmas\u0131, Az\u0259rbaycanda \u00fcz\u00fcm\u00e7\u00fcl\u00fck v\u0259 \u015f\u0259rab istehsal\u0131 tarixinin v\u0259 bu sah\u0259d\u0259 g\u00f6r\u00fcl\u0259n i\u015fl\u0259rin geni\u015f ictimaiyy\u0259t\u0259 \u00e7atd\u0131r\u0131lmas\u0131d\u0131r.<\/p>\n\n\n\n<p class=\"wp-block-paragraph\">Meys\u0259ri k\u0259ndind\u0259ki \u201c\u015eirvan \u015f\u0259rablar\u0131\u201d MMC-nin \u00fcz\u00fcm\u00e7\u00fcl\u00fck v\u0259 \u015f\u0259rab\u00e7\u0131l\u0131q kompleksinin \u0259razisind\u0259 t\u0259\u015fkil olunacaq festivala m\u00fcxt\u0259lif \u015f\u0259rab brendl\u0259ri qat\u0131laraq \u00f6z m\u0259hsullar\u0131n\u0131 t\u0259qdim ed\u0259c\u0259kl\u0259r.<\/p>\n\n\n\n<p class=\"wp-block-paragraph\">Ziyar\u0259t\u00e7il\u0259r iki g\u00fcn \u0259rzind\u0259 \u00fcz\u00fcm\u00e7\u00fcl\u00fck v\u0259 \u015f\u0259rab\u00e7\u0131l\u0131q, Az\u0259rbaycan\u0131n turizm potensial\u0131 il\u0259 daha yax\u0131ndan tan\u0131\u015f olmaq imkan\u0131 qazanacaq, m\u00fcxt\u0259lif \u0259yl\u0259nc\u0259 v\u0259 \u015fou proqramlar\u0131 izl\u0259y\u0259c\u0259kl\u0259r. T\u0259dbirin \u0259yl\u0259nc\u0259 proqram\u0131 yax\u0131n g\u00fcnl\u0259rd\u0259 a\u00e7\u0131qlanacaq.<\/p>\n\n\n\n<p class=\"wp-block-paragraph\">Festivala giri\u015f \u00fc\u00e7\u00fcn biletl\u0259ri iTicket.az sayt\u0131 vasit\u0259sil\u0259 \u0259ld\u0259 etm\u0259k olar.<\/p>\n\n\n\n<p class=\"wp-block-paragraph\">M\u0259nb\u0259:\u00a0<a href=\"https:\/\/azertag.az\/\">https:\/\/azertag.az\/<\/a><\/p>\n","protected":false},"excerpt":{"rendered":"<p>Sentyabr\u0131n 19-20-d\u0259 \u015eamax\u0131da n\u00f6vb\u0259ti \u00dcz\u00fcm v\u0259 \u015e\u0259rab Festival\u0131 ke\u00e7iril\u0259c\u0259k. AZ\u018fRTAC&nbsp;x\u0259b\u0259r verir ki, festival \u015eamax\u0131 Rayon \u0130cra Hakimiyy\u0259ti, Abqora restoran\u0131 v\u0259 \u201cN\u0259simi ba\u011flar\u0131\u201d kompleksinin t\u0259\u015fkilat\u00e7\u0131l\u0131\u011f\u0131 il\u0259 \u015eamax\u0131 rayonunun Meys\u0259ri k\u0259ndind\u0259 ba\u015f tutacaq. Art\u0131q 5-ci d\u0259f\u0259dir t\u0259\u015fkil olunacaq festival\u0131n m\u0259qs\u0259di yerli \u00fcz\u00fcm v\u0259 \u015f\u0259rab istehsal\u0131n\u0131n t\u0259\u015fviqi, \u015f\u0259rab m\u0259hsullar\u0131n\u0131n ixrac potensial\u0131n\u0131n art\u0131r\u0131lmas\u0131, Az\u0259rbaycanda \u00fcz\u00fcm\u00e7\u00fcl\u00fck v\u0259 \u015f\u0259rab istehsal\u0131 tarixinin &hellip; <\/p>\n","protected":false},"author":2,"featured_media":0,"comment_status":"open","ping_status":"open","sticky":false,"template":"","format":"standard","meta":{"footnotes":""},"categories":[49],"tags":[],"class_list":["post-53187","post","type-post","status-publish","format-standard","hentry","category-medeniyyat","latest_post"],"_links":{"self":[{"href":"https:\/\/edebiyyat-az.com\/index.php?rest_route=\/wp\/v2\/posts\/53187","targetHints":{"allow":["GET"]}}],"collection":[{"href":"https:\/\/edebiyyat-az.com\/index.php?rest_route=\/wp\/v2\/posts"}],"about":[{"href":"https:\/\/edebiyyat-az.com\/index.php?rest_route=\/wp\/v2\/types\/post"}],"author":[{"embeddable":true,"href":"https:\/\/edebiyyat-az.com\/index.php?rest_route=\/wp\/v2\/users\/2"}],"replies":[{"embeddable":true,"href":"https:\/\/edebiyyat-az.com\/index.php?rest_route=%2Fwp%2Fv2%2Fcomments&post=53187"}],"version-history":[{"count":1,"href":"https:\/\/edebiyyat-az.com\/index.php?rest_route=\/wp\/v2\/posts\/53187\/revisions"}],"predecessor-version":[{"id":53195,"href":"https:\/\/edebiyyat-az.com\/index.php?rest_route=\/wp\/v2\/posts\/53187\/revisions\/53195"}],"wp:attachment":[{"href":"https:\/\/edebiyyat-az.com\/index.php?rest_route=%2Fwp%2Fv2%2Fmedia&parent=53187"}],"wp:term":[{"taxonomy":"category","embeddable":true,"href":"https:\/\/edebiyyat-az.com\/index.php?rest_route=%2Fwp%2Fv2%2Fcategories&post=53187"},{"taxonomy":"post_tag","embeddable":true,"href":"https:\/\/edebiyyat-az.com\/index.php?rest_route=%2Fwp%2Fv2%2Ftags&post=53187"}],"curies":[{"name":"wp","href":"https:\/\/api.w.org\/{rel}","templated":true}]}}