{"id":53201,"date":"2026-09-05T07:00:00","date_gmt":"2026-09-05T03:00:00","guid":{"rendered":"https:\/\/edebiyyat-az.com\/?p=53201"},"modified":"2026-09-06T11:40:22","modified_gmt":"2026-09-06T07:40:22","slug":"qaya-v%c9%99-divarlara-h%c9%99kk-olunan-yazilar-xatir%c9%99-yoxsa-v%c9%99t%c9%99ndas-m%c9%99suliyy%c9%99tsizliyi","status":"publish","type":"post","link":"https:\/\/edebiyyat-az.com\/?p=53201","title":{"rendered":"Qaya v\u0259 divarlara h\u0259kk olunan yaz\u0131lar: Xatir\u0259, yoxsa v\u0259t\u0259nda\u015f m\u0259suliyy\u0259tsizliyi&#8230;"},"content":{"rendered":"\n<ul class=\"wp-block-list\">\n<li><\/li>\n<\/ul>\n\n\n\n<figure class=\"wp-block-image size-large\"><img decoding=\"async\" src=\"https:\/\/azertag.az\/files\/2026\/3\/1200x630\/17885259834081345537_1200x630.jpg\" alt=\"\"\/><\/figure>\n\n\n\n<p class=\"wp-block-paragraph\">\u015eu\u015faya s\u0259f\u0259r ed\u0259n b\u0259zi turistl\u0259rin \u015f\u0259h\u0259rd\u0259ki qaya da\u015flar\u0131n\u0131n \u00fcz\u0259rin\u0259 m\u00fcxt\u0259lif adlar v\u0259 yaz\u0131lar h\u0259kk etm\u0259si c\u0259miyy\u0259td\u0259 haql\u0131 naraz\u0131l\u0131q yarad\u0131b. Sosial \u015f\u0259b\u0259k\u0259l\u0259rd\u0259 yay\u0131lan g\u00f6r\u00fcnt\u00fcl\u0259r bir daha g\u00f6st\u0259rir ki, tarixi v\u0259 m\u0259d\u0259ni irs n\u00fcmun\u0259l\u0259rin\u0259 m\u00fcnasib\u0259td\u0259 m\u0259suliyy\u0259tsiz davran\u0131\u015f hallar\u0131 h\u0259l\u0259 d\u0259 m\u00f6vcuddur. Lakin m\u0259s\u0259l\u0259 yaln\u0131z bir ne\u00e7\u0259 da\u015f\u0131n \u00fcz\u0259rin\u0259 yaz\u0131 yaz\u0131lmas\u0131 il\u0259 m\u0259hdudla\u015fm\u0131r. Bu hadis\u0259 daha geni\u015f m\u00fcst\u0259vid\u0259 \u2013 tarixi yadda\u015fa, milli irs\u0259, ictimai \u0259mlaka v\u0259 \u0259n \u0259sas\u0131, \u015f\u0259hidl\u0259rin can\u0131-qan\u0131 bahas\u0131na azad edilmi\u015f m\u00fcq\u0259dd\u0259s bir m\u0259kana m\u00fcnasib\u0259ti ortaya qoyur.<\/p>\n\n\n\n<p class=\"wp-block-paragraph\">Bel\u0259 hallarda m\u00fch\u00fcm bir sual yaran\u0131r: Tarixi v\u0259 m\u0259d\u0259ni irs\u0259 m\u00fcnasib\u0259timiz nec\u0259 olmal\u0131d\u0131r? Bu sual x\u00fcsusil\u0259 \u015eu\u015fa kimi \u015f\u0259h\u0259rl\u0259r \u00fc\u00e7\u00fcn daha b\u00f6y\u00fck \u0259h\u0259miyy\u0259t da\u015f\u0131y\u0131r. \u015eu\u015fa Az\u0259rbaycan\u0131n tarixini, m\u0259d\u0259niyy\u0259tini v\u0259 q\u0259hr\u0259manl\u0131q salnam\u0259sini \u00f6z\u00fcnd\u0259 ya\u015fadan \u015f\u0259h\u0259rdir. Bu \u015f\u0259h\u0259rin h\u0259r k\u00fc\u00e7\u0259si, h\u0259r divar\u0131, h\u0259r qayas\u0131 ayr\u0131-ayr\u0131l\u0131qda tarixin bir par\u00e7as\u0131d\u0131r. X\u00fcsusil\u0259 V\u0259t\u0259n m\u00fcharib\u0259sind\u0259n sonra \u015eu\u015fada qorunub saxlan\u0131lan g\u00fcll\u0259 izl\u0259ri, da\u011f\u0131nt\u0131lar v\u0259 dig\u0259r izl\u0259r Az\u0259rbaycan\u0131n \u0259razi b\u00fct\u00f6vl\u00fcy\u00fcn\u00fcn b\u0259rpas\u0131 u\u011frunda apar\u0131lm\u0131\u015f m\u00fcbariz\u0259nin canl\u0131 \u015fahidl\u0259rin\u0259 \u00e7evrilib. Bu izl\u0259rin h\u0259r biri g\u0259l\u0259c\u0259k n\u0259sill\u0259r \u00fc\u00e7\u00fcn m\u00fch\u00fc<\/p>\n\n\n\n<p class=\"wp-block-paragraph\">M\u0259nb\u0259:\u00a0<a href=\"https:\/\/azertag.az\/\">https:\/\/azertag.az\/<\/a><\/p>\n","protected":false},"excerpt":{"rendered":"<p>\u015eu\u015faya s\u0259f\u0259r ed\u0259n b\u0259zi turistl\u0259rin \u015f\u0259h\u0259rd\u0259ki qaya da\u015flar\u0131n\u0131n \u00fcz\u0259rin\u0259 m\u00fcxt\u0259lif adlar v\u0259 yaz\u0131lar h\u0259kk etm\u0259si c\u0259miyy\u0259td\u0259 haql\u0131 naraz\u0131l\u0131q yarad\u0131b. Sosial \u015f\u0259b\u0259k\u0259l\u0259rd\u0259 yay\u0131lan g\u00f6r\u00fcnt\u00fcl\u0259r bir daha g\u00f6st\u0259rir ki, tarixi v\u0259 m\u0259d\u0259ni irs n\u00fcmun\u0259l\u0259rin\u0259 m\u00fcnasib\u0259td\u0259 m\u0259suliyy\u0259tsiz davran\u0131\u015f hallar\u0131 h\u0259l\u0259 d\u0259 m\u00f6vcuddur. Lakin m\u0259s\u0259l\u0259 yaln\u0131z bir ne\u00e7\u0259 da\u015f\u0131n \u00fcz\u0259rin\u0259 yaz\u0131 yaz\u0131lmas\u0131 il\u0259 m\u0259hdudla\u015fm\u0131r. Bu hadis\u0259 daha geni\u015f m\u00fcst\u0259vid\u0259 &hellip; <\/p>\n","protected":false},"author":2,"featured_media":0,"comment_status":"open","ping_status":"open","sticky":false,"template":"","format":"standard","meta":{"footnotes":""},"categories":[49],"tags":[],"class_list":["post-53201","post","type-post","status-publish","format-standard","hentry","category-medeniyyat","latest_post"],"_links":{"self":[{"href":"https:\/\/edebiyyat-az.com\/index.php?rest_route=\/wp\/v2\/posts\/53201","targetHints":{"allow":["GET"]}}],"collection":[{"href":"https:\/\/edebiyyat-az.com\/index.php?rest_route=\/wp\/v2\/posts"}],"about":[{"href":"https:\/\/edebiyyat-az.com\/index.php?rest_route=\/wp\/v2\/types\/post"}],"author":[{"embeddable":true,"href":"https:\/\/edebiyyat-az.com\/index.php?rest_route=\/wp\/v2\/users\/2"}],"replies":[{"embeddable":true,"href":"https:\/\/edebiyyat-az.com\/index.php?rest_route=%2Fwp%2Fv2%2Fcomments&post=53201"}],"version-history":[{"count":1,"href":"https:\/\/edebiyyat-az.com\/index.php?rest_route=\/wp\/v2\/posts\/53201\/revisions"}],"predecessor-version":[{"id":53212,"href":"https:\/\/edebiyyat-az.com\/index.php?rest_route=\/wp\/v2\/posts\/53201\/revisions\/53212"}],"wp:attachment":[{"href":"https:\/\/edebiyyat-az.com\/index.php?rest_route=%2Fwp%2Fv2%2Fmedia&parent=53201"}],"wp:term":[{"taxonomy":"category","embeddable":true,"href":"https:\/\/edebiyyat-az.com\/index.php?rest_route=%2Fwp%2Fv2%2Fcategories&post=53201"},{"taxonomy":"post_tag","embeddable":true,"href":"https:\/\/edebiyyat-az.com\/index.php?rest_route=%2Fwp%2Fv2%2Ftags&post=53201"}],"curies":[{"name":"wp","href":"https:\/\/api.w.org\/{rel}","templated":true}]}}