{"id":53202,"date":"2026-09-05T08:00:00","date_gmt":"2026-09-05T04:00:00","guid":{"rendered":"https:\/\/edebiyyat-az.com\/?p=53202"},"modified":"2026-09-06T11:42:16","modified_gmt":"2026-09-06T07:42:16","slug":"v%c9%99t%c9%99n-muharib%c9%99si-qazisi-tarixi-yaddas-yalniz-adlarin-h%c9%99r-hansi-bir-s%c9%99th%c9%99-yazilmasi-il%c9%99-qorunmur","status":"publish","type":"post","link":"https:\/\/edebiyyat-az.com\/?p=53202","title":{"rendered":"V\u0259t\u0259n m\u00fcharib\u0259si qazisi: Tarixi yadda\u015f yaln\u0131z adlar\u0131n h\u0259r hans\u0131 bir s\u0259th\u0259 yaz\u0131lmas\u0131 il\u0259 qorunmur"},"content":{"rendered":"\n<figure class=\"wp-block-image size-large\"><img decoding=\"async\" src=\"https:\/\/azertag.az\/files\/2026\/3\/1200x630\/17885370992365913206_1200x630.jpg\" alt=\"\"\/><\/figure>\n\n\n\n<p class=\"wp-block-paragraph\"><\/p>\n\n\n\n<p class=\"wp-block-paragraph\">Tarixi yadda\u015f yaln\u0131z adlar\u0131n h\u0259r hans\u0131 bir s\u0259th\u0259 yaz\u0131lmas\u0131 il\u0259 qorunmur. \u018fsl tarixi yadda\u015f \u015f\u0259hidl\u0259rimizin ke\u00e7diyi d\u00f6y\u00fc\u015f yolunun, g\u00f6st\u0259rdikl\u0259ri q\u0259hr\u0259manl\u0131\u011f\u0131n v\u0259 V\u0259t\u0259n u\u011frunda \u00e7\u0259kdikl\u0259ri \u0259ziyy\u0259tl\u0259rin g\u0259l\u0259c\u0259k n\u0259sill\u0259r\u0259 dol\u011fun v\u0259 d\u00fczg\u00fcn \u015f\u0259kild\u0259 \u00e7atd\u0131r\u0131lmas\u0131d\u0131r.<\/p>\n\n\n\n<p class=\"wp-block-paragraph\">Bu fikirl\u0259ri&nbsp;<a href=\"https:\/\/azertag.az\/\" target=\"_blank\" rel=\"noreferrer noopener\">AZ\u018fRTAC<\/a>-a a\u00e7\u0131qlamas\u0131nda V\u0259t\u0259n m\u00fcharib\u0259si qazisi X\u0259z\u0259r Abdullayev bildirib.<\/p>\n\n\n\n<p class=\"wp-block-paragraph\">O qeyd edib ki, Az\u0259rbaycan m\u0259d\u0259niyy\u0259ti d\u00fcnya m\u0259d\u0259ni irsind\u0259 h\u0259r zaman \u00f6z\u00fcn\u0259m\u0259xsus v\u0259 y\u00fcks\u0259k m\u00f6vqey\u0259 malik olub. Bu z\u0259ngin irsin qorunmas\u0131 \u00fc\u00e7\u00fcn h\u0259r bir m\u0259s\u0259l\u0259y\u0259 b\u00f6y\u00fck h\u0259ssasl\u0131qla yana\u015fmaq laz\u0131md\u0131r.<\/p>\n\n\n\n<p class=\"wp-block-paragraph\">\u201cTarixi-m\u0259d\u0259ni abid\u0259l\u0259rimiz xalq\u0131m\u0131z\u0131n milli kimliyini, m\u0259n\u0259vi yadda\u015f\u0131n\u0131 v\u0259 yarad\u0131c\u0131l\u0131q \u0259n\u0259n\u0259l\u0259rini ya\u015fadan m\u00fch\u00fcm d\u0259y\u0259rl\u0259rdir. Onlar\u0131n qorunmas\u0131 yaln\u0131z fiziki m\u00fchafiz\u0259 m\u0259s\u0259l\u0259si deyil, h\u0259m d\u0259 milli d\u00fc\u015f\u00fcnc\u0259mizin, tarixi yadda\u015f\u0131m\u0131z\u0131n v\u0259 m\u0259d\u0259ni irsimizin g\u0259l\u0259c\u0259k n\u0259sill\u0259r\u0259 \u00f6t\u00fcr\u00fclm\u0259si bax\u0131m\u0131ndan son d\u0259r\u0259c\u0259 vacibdir. \u015e\u0259hidl\u0259rimizin xatir\u0259sini uca tutark\u0259n onlar\u0131n azadl\u0131\u011f\u0131 u\u011frunda canlar\u0131ndan ke\u00e7dikl\u0259ri torpaqlar\u0131n tarixi v\u0259 m\u0259d\u0259ni simas\u0131n\u0131 qorumaq da h\u0259r birimizin m\u0259n\u0259vi borcudur\u201d, \u2013 dey\u0259 X\u0259z\u0259r Abdullayev fikrini yekunla\u015fd\u0131r\u0131b.<\/p>\n\n\n\n<p class=\"wp-block-paragraph\"><sub><em><strong>M\u00fcxbir &#8211; G\u00fcnel Al\u0131yeva<\/strong><\/em><\/sub><\/p>\n\n\n\n<p class=\"wp-block-paragraph\">M\u0259nb\u0259:\u00a0<a href=\"https:\/\/azertag.az\/\">https:\/\/azertag.az\/<\/a><\/p>\n","protected":false},"excerpt":{"rendered":"<p>Tarixi yadda\u015f yaln\u0131z adlar\u0131n h\u0259r hans\u0131 bir s\u0259th\u0259 yaz\u0131lmas\u0131 il\u0259 qorunmur. \u018fsl tarixi yadda\u015f \u015f\u0259hidl\u0259rimizin ke\u00e7diyi d\u00f6y\u00fc\u015f yolunun, g\u00f6st\u0259rdikl\u0259ri q\u0259hr\u0259manl\u0131\u011f\u0131n v\u0259 V\u0259t\u0259n u\u011frunda \u00e7\u0259kdikl\u0259ri \u0259ziyy\u0259tl\u0259rin g\u0259l\u0259c\u0259k n\u0259sill\u0259r\u0259 dol\u011fun v\u0259 d\u00fczg\u00fcn \u015f\u0259kild\u0259 \u00e7atd\u0131r\u0131lmas\u0131d\u0131r. Bu fikirl\u0259ri&nbsp;AZ\u018fRTAC-a a\u00e7\u0131qlamas\u0131nda V\u0259t\u0259n m\u00fcharib\u0259si qazisi X\u0259z\u0259r Abdullayev bildirib. O qeyd edib ki, Az\u0259rbaycan m\u0259d\u0259niyy\u0259ti d\u00fcnya m\u0259d\u0259ni irsind\u0259 h\u0259r zaman \u00f6z\u00fcn\u0259m\u0259xsus v\u0259 y\u00fcks\u0259k &hellip; <\/p>\n","protected":false},"author":2,"featured_media":0,"comment_status":"open","ping_status":"open","sticky":false,"template":"","format":"standard","meta":{"footnotes":""},"categories":[49],"tags":[],"class_list":["post-53202","post","type-post","status-publish","format-standard","hentry","category-medeniyyat","latest_post"],"_links":{"self":[{"href":"https:\/\/edebiyyat-az.com\/index.php?rest_route=\/wp\/v2\/posts\/53202","targetHints":{"allow":["GET"]}}],"collection":[{"href":"https:\/\/edebiyyat-az.com\/index.php?rest_route=\/wp\/v2\/posts"}],"about":[{"href":"https:\/\/edebiyyat-az.com\/index.php?rest_route=\/wp\/v2\/types\/post"}],"author":[{"embeddable":true,"href":"https:\/\/edebiyyat-az.com\/index.php?rest_route=\/wp\/v2\/users\/2"}],"replies":[{"embeddable":true,"href":"https:\/\/edebiyyat-az.com\/index.php?rest_route=%2Fwp%2Fv2%2Fcomments&post=53202"}],"version-history":[{"count":1,"href":"https:\/\/edebiyyat-az.com\/index.php?rest_route=\/wp\/v2\/posts\/53202\/revisions"}],"predecessor-version":[{"id":53213,"href":"https:\/\/edebiyyat-az.com\/index.php?rest_route=\/wp\/v2\/posts\/53202\/revisions\/53213"}],"wp:attachment":[{"href":"https:\/\/edebiyyat-az.com\/index.php?rest_route=%2Fwp%2Fv2%2Fmedia&parent=53202"}],"wp:term":[{"taxonomy":"category","embeddable":true,"href":"https:\/\/edebiyyat-az.com\/index.php?rest_route=%2Fwp%2Fv2%2Fcategories&post=53202"},{"taxonomy":"post_tag","embeddable":true,"href":"https:\/\/edebiyyat-az.com\/index.php?rest_route=%2Fwp%2Fv2%2Ftags&post=53202"}],"curies":[{"name":"wp","href":"https:\/\/api.w.org\/{rel}","templated":true}]}}