{"id":53203,"date":"2026-09-05T09:00:00","date_gmt":"2026-09-05T05:00:00","guid":{"rendered":"https:\/\/edebiyyat-az.com\/?p=53203"},"modified":"2026-09-06T11:43:01","modified_gmt":"2026-09-06T07:43:01","slug":"almatida-l%c9%99tif-k%c9%99rimovun-120-illiyin%c9%99-h%c9%99sr-olunmus-zamanin-n%c9%99f%c9%99si-xalq-s%c9%99n%c9%99tind%c9%99-s%c9%99rgisi-acilib","status":"publish","type":"post","link":"https:\/\/edebiyyat-az.com\/?p=53203","title":{"rendered":"Almat\u0131da L\u0259tif K\u0259rimovun 120 illiyin\u0259 h\u0259sr olunmu\u015f \u201cZaman\u0131n n\u0259f\u0259si xalq s\u0259n\u0259tind\u0259\u201d s\u0259rgisi a\u00e7\u0131l\u0131b"},"content":{"rendered":"\n<figure class=\"wp-block-image size-large\"><img decoding=\"async\" src=\"https:\/\/azertag.az\/files\/galleryphoto\/2026\/3\/1200x630\/17885998654723717623_1200x630.jpeg\" alt=\"\"\/><\/figure>\n\n\n\n<p class=\"wp-block-paragraph\">Almat\u0131 \u015f\u0259h\u0259rind\u0259 f\u0259aliyy\u0259t g\u00f6st\u0259r\u0259n Qazax\u0131stan Respublikas\u0131 Milli M\u0259rk\u0259zi Muzeyind\u0259 g\u00f6rk\u0259mli alim, xal\u00e7a\u00e7\u0131-r\u0259ssam, Xalq r\u0259ssam\u0131 L\u0259tif K\u0259rimovun 120 illik yubileyin\u0259 h\u0259sr olunmu\u015f \u201cZaman\u0131n n\u0259f\u0259si xalq s\u0259n\u0259tind\u0259\u201d s\u0259rgisi a\u00e7\u0131l\u0131b. S\u0259rgi Az\u0259rbaycan Respublikas\u0131 M\u0259d\u0259niyy\u0259t Nazirliyi, Qazax\u0131stan Respublikas\u0131 M\u0259d\u0259niyy\u0259t v\u0259 \u0130nformasiya Nazirliyi, T\u00fcrk M\u0259d\u0259niyy\u0259ti v\u0259 \u0130rsi Fondu, Az\u0259rbaycan Milli Xal\u00e7a Muzeyi v\u0259 Qazax\u0131stan Respublikas\u0131 Milli M\u0259rk\u0259zi Muzeyinin t\u0259\u015fkilat\u00e7\u0131l\u0131\u011f\u0131 il\u0259 ba\u015f tutub.<\/p>\n\n\n\n<p class=\"wp-block-paragraph\">Bu bar\u0259d\u0259&nbsp;<a href=\"https:\/\/azertag.az\/\" target=\"_blank\" rel=\"noreferrer noopener\">AZ\u018fRTAC<\/a>-a Az\u0259rbaycan Milli Xal\u00e7a Muzeyind\u0259n bildirilib. S\u0259rginin a\u00e7\u0131l\u0131\u015f m\u0259rasimind\u0259 Qazax\u0131stan Respublikas\u0131 Milli M\u0259rk\u0259zi Muzeyinin direktoru Serjan Sarov, T\u00fcrk M\u0259d\u0259niyy\u0259ti v\u0259 \u0130rsi Fondunun layih\u0259 meneceri Serik Nurmoldayev, Az\u0259rbaycan\u0131n Qazax\u0131standak\u0131 s\u0259firliyinin Almat\u0131 \u00fczr\u0259 n\u00fcmay\u0259nd\u0259liyinin r\u0259hb\u0259ri V\u00fcsal R\u0259c\u0259bli, Az\u0259rbaycan Milli Xal\u00e7a Muzeyinin direktoru \u018fmin\u0259 M\u0259likova \u00e7\u0131x\u0131\u015f edibl\u0259r. \u00c7\u0131x\u0131\u015flarda Az\u0259rbaycanla Qazax\u0131stan aras\u0131nda m\u0259d\u0259ni \u0259m\u0259kda\u015fl\u0131\u011f\u0131n inki\u015faf\u0131, xalqlar\u0131n ortaq tarixi-m\u0259d\u0259ni irsinin qorunmas\u0131 v\u0259 t\u0259bli\u011fi, \u0259n\u0259n\u0259vi s\u0259n\u0259tl\u0259rin g\u0259l\u0259c\u0259k n\u0259sill\u0259r\u0259 \u00f6t\u00fcr\u00fclm\u0259sinin \u0259h\u0259miyy\u0259ti vur\u011fulan\u0131b.<\/p>\n\n\n\n<p class=\"wp-block-paragraph\">M\u0259rasimd\u0259n \u0259vv\u0259l qonaqlar Qazax\u0131stan D\u00f6vl\u0259t Akademik Filarmoniyas\u0131n\u0131n \u201cOtrar Saz\u0131\u201d orkestrinin ifas\u0131n\u0131 dinl\u0259yibl\u0259r, Az\u0259rbaycan haqq\u0131nda, h\u0259m\u00e7inin Milli Xal\u00e7a Muzeyinin kolleksiyas\u0131n\u0131 \u0259ks etdir\u0259n video\u00e7arxlar\u0131 izl\u0259yibl\u0259r.<\/p>\n\n\n\n<p class=\"wp-block-paragraph\">Daha sonra s\u0259rginin r\u0259smi a\u00e7\u0131l\u0131\u015f\u0131n\u0131 simvoliz\u0259 ed\u0259n lent k\u0259silib v\u0259 qonaqlar ekspozisiya il\u0259 tan\u0131\u015f olublar.<\/p>\n\n\n\n<p class=\"wp-block-paragraph\">Az\u0259rbaycan Milli Xal\u00e7a Muzeyinin kolleksiyas\u0131 \u0259sas\u0131nda haz\u0131rlanan ekspozisiyada XIX\u2013XX \u0259srl\u0259r\u0259 aid xal\u00e7a v\u0259 xalq s\u0259n\u0259ti n\u00fcmun\u0259l\u0259ri t\u0259qdim olunur. S\u0259rginin \u0259sas hiss\u0259sini xalq\u0131m\u0131z\u0131n z\u0259ngin milli irsinin regional x\u00fcsusiyy\u0259tl\u0259rini v\u0259 b\u0259dii m\u00fcxt\u0259lifliyini \u0259ks etdir\u0259n Quba, Bak\u0131, \u015eirvan, Qaraba\u011f, Qazax v\u0259 G\u0259nc\u0259 xal\u00e7alar\u0131 t\u0259\u015fkil edir.<\/p>\n\n\n\n<p class=\"wp-block-paragraph\">Ekspozisiyada \u201cPir\u0259b\u0259dil\u201d, \u201cQab\u0131stan\u201d, \u201cSuraxan\u0131\u201d, \u201cFaxral\u0131\u201d, \u201cSalahl\u0131\u201d, \u201cXanl\u0131q\u201d v\u0259 \u201cMir\u201d xovlu xal\u00e7alar\u0131 il\u0259 yana\u015f\u0131, kilim, \u015f\u0259dd\u0259, v\u0259rni v\u0259 zili kimi xovsuz xal\u00e7a n\u00fcmun\u0259l\u0259ri d\u0259 yer al\u0131r. S\u0259rginin x\u00fcsusi b\u00f6lm\u0259si Az\u0259rbaycan Milli Xal\u00e7a Muzeyinin banisi L\u0259tif K\u0259rimovun yarad\u0131c\u0131l\u0131\u011f\u0131na h\u0259sr edilib. Burada s\u0259n\u0259tkar\u0131n m\u00fc\u0259llifi oldu\u011fu eskizl\u0259r, el\u0259c\u0259 d\u0259 \u201c\u0130kinci bahar\u201d v\u0259 \u201cX\u0259tai\u201d xal\u00e7alar\u0131 s\u0259rgil\u0259nir. Ekspozisiyada, h\u0259m\u00e7inin m\u0259fr\u0259\u015f, xurcun, \u00e7ul kimi xal\u00e7a m\u0259mulatlar\u0131, b\u0259dii tikm\u0259, z\u0259rg\u0259rlik v\u0259 b\u0259dii metal n\u00fcmun\u0259l\u0259ri, milli qad\u0131n geyiml\u0259ri t\u0259qdim edilir.<\/p>\n\n\n\n<p class=\"wp-block-paragraph\">T\u0259dbir \u00e7\u0259r\u00e7iv\u0259sind\u0259 Az\u0259rbaycan Milli Xal\u00e7a Muzeyi il\u0259 Qazax\u0131stan Respublikas\u0131 Milli M\u0259rk\u0259zi Muzeyi aras\u0131nda \u0259m\u0259kda\u015fl\u0131q haqq\u0131nda memorandum imzalan\u0131b. S\u0259n\u0259dl\u0259r iki muzey aras\u0131nda qar\u015f\u0131l\u0131ql\u0131 t\u0259cr\u00fcb\u0259 m\u00fcbadil\u0259sinin geni\u015fl\u0259ndirilm\u0259si, birg\u0259 layih\u0259l\u0259rin h\u0259yata ke\u00e7irilm\u0259si v\u0259 m\u0259d\u0259ni irsin t\u0259dqiqi v\u0259 t\u0259bli\u011fi istiqam\u0259tind\u0259 \u0259laq\u0259l\u0259rin g\u00fccl\u0259ndirilm\u0259sini n\u0259z\u0259rd\u0259 tutur.<\/p>\n\n\n\n<p class=\"wp-block-paragraph\">S\u0259rgi \u00e7\u0259r\u00e7iv\u0259sind\u0259, h\u0259m\u00e7inin L\u0259tif K\u0259rimovun 120 illiyin\u0259 h\u0259sr olunmu\u015f \u201cQazax v\u0259 Az\u0259rbaycan xalqlar\u0131n\u0131n dekorativ-t\u0259tbiqi s\u0259n\u0259ti: tarixi k\u00f6kl\u0259r, etnom\u0259d\u0259ni varislik v\u0259 m\u00fcasir inki\u015faf tendensiyalar\u0131\u201d m\u00f6vzusunda d\u0259yirmi masa da ke\u00e7irilib.<\/p>\n\n\n\n<p class=\"wp-block-paragraph\">\u201cZaman\u0131n n\u0259f\u0259si xalq s\u0259n\u0259tind\u0259\u201d s\u0259rgisi oktyabr\u0131n 4-d\u0259k davam ed\u0259c\u0259k.<\/p>\n\n\n\n<p class=\"wp-block-paragraph\">M\u0259nb\u0259:\u00a0<a href=\"https:\/\/azertag.az\/\">https:\/\/azertag.az\/<\/a><\/p>\n","protected":false},"excerpt":{"rendered":"<p>Almat\u0131 \u015f\u0259h\u0259rind\u0259 f\u0259aliyy\u0259t g\u00f6st\u0259r\u0259n Qazax\u0131stan Respublikas\u0131 Milli M\u0259rk\u0259zi Muzeyind\u0259 g\u00f6rk\u0259mli alim, xal\u00e7a\u00e7\u0131-r\u0259ssam, Xalq r\u0259ssam\u0131 L\u0259tif K\u0259rimovun 120 illik yubileyin\u0259 h\u0259sr olunmu\u015f \u201cZaman\u0131n n\u0259f\u0259si xalq s\u0259n\u0259tind\u0259\u201d s\u0259rgisi a\u00e7\u0131l\u0131b. S\u0259rgi Az\u0259rbaycan Respublikas\u0131 M\u0259d\u0259niyy\u0259t Nazirliyi, Qazax\u0131stan Respublikas\u0131 M\u0259d\u0259niyy\u0259t v\u0259 \u0130nformasiya Nazirliyi, T\u00fcrk M\u0259d\u0259niyy\u0259ti v\u0259 \u0130rsi Fondu, Az\u0259rbaycan Milli Xal\u00e7a Muzeyi v\u0259 Qazax\u0131stan Respublikas\u0131 Milli M\u0259rk\u0259zi Muzeyinin t\u0259\u015fkilat\u00e7\u0131l\u0131\u011f\u0131 il\u0259 &hellip; <\/p>\n","protected":false},"author":2,"featured_media":0,"comment_status":"open","ping_status":"open","sticky":false,"template":"","format":"standard","meta":{"footnotes":""},"categories":[49],"tags":[],"class_list":["post-53203","post","type-post","status-publish","format-standard","hentry","category-medeniyyat","latest_post"],"_links":{"self":[{"href":"https:\/\/edebiyyat-az.com\/index.php?rest_route=\/wp\/v2\/posts\/53203","targetHints":{"allow":["GET"]}}],"collection":[{"href":"https:\/\/edebiyyat-az.com\/index.php?rest_route=\/wp\/v2\/posts"}],"about":[{"href":"https:\/\/edebiyyat-az.com\/index.php?rest_route=\/wp\/v2\/types\/post"}],"author":[{"embeddable":true,"href":"https:\/\/edebiyyat-az.com\/index.php?rest_route=\/wp\/v2\/users\/2"}],"replies":[{"embeddable":true,"href":"https:\/\/edebiyyat-az.com\/index.php?rest_route=%2Fwp%2Fv2%2Fcomments&post=53203"}],"version-history":[{"count":1,"href":"https:\/\/edebiyyat-az.com\/index.php?rest_route=\/wp\/v2\/posts\/53203\/revisions"}],"predecessor-version":[{"id":53214,"href":"https:\/\/edebiyyat-az.com\/index.php?rest_route=\/wp\/v2\/posts\/53203\/revisions\/53214"}],"wp:attachment":[{"href":"https:\/\/edebiyyat-az.com\/index.php?rest_route=%2Fwp%2Fv2%2Fmedia&parent=53203"}],"wp:term":[{"taxonomy":"category","embeddable":true,"href":"https:\/\/edebiyyat-az.com\/index.php?rest_route=%2Fwp%2Fv2%2Fcategories&post=53203"},{"taxonomy":"post_tag","embeddable":true,"href":"https:\/\/edebiyyat-az.com\/index.php?rest_route=%2Fwp%2Fv2%2Ftags&post=53203"}],"curies":[{"name":"wp","href":"https:\/\/api.w.org\/{rel}","templated":true}]}}