{"id":53204,"date":"2026-09-05T10:00:00","date_gmt":"2026-09-05T06:00:00","guid":{"rendered":"https:\/\/edebiyyat-az.com\/?p=53204"},"modified":"2026-09-06T11:45:10","modified_gmt":"2026-09-06T07:45:10","slug":"milli-kitabxanada-gulnaz-abdullazad%c9%99nin-80-illik-yubileyin%c9%99-h%c9%99sr-olunmus-s%c9%99rgi-acilib","status":"publish","type":"post","link":"https:\/\/edebiyyat-az.com\/?p=53204","title":{"rendered":"Milli Kitabxanada G\u00fclnaz Abdullazad\u0259nin 80 illik yubileyin\u0259 h\u0259sr olunmu\u015f s\u0259rgi a\u00e7\u0131l\u0131b"},"content":{"rendered":"\n<figure class=\"wp-block-image size-large\"><img decoding=\"async\" src=\"https:\/\/azertag.az\/files\/2026\/3\/1200x630\/17886000351524924197_1200x630.jpeg\" alt=\"\"\/><\/figure>\n\n\n\n<p class=\"wp-block-paragraph\">Milli Kitabxanada b\u0259st\u0259kar-musiqi\u015f\u00fcnas, professor G\u00fclnaz Abutal\u0131b q\u0131z\u0131 Abdullazad\u0259nin 80 illik yubileyin\u0259 h\u0259sr olunmu\u015f \u201c\u018fm\u0259kdar inc\u0259s\u0259n\u0259t xadimi G\u00fclnaz Abdullazad\u0259\u201d adl\u0131 \u0259n\u0259n\u0259vi kitab s\u0259rgisi istifad\u0259\u00e7il\u0259r\u0259 t\u0259qdim olunub.<\/p>\n\n\n\n<p class=\"wp-block-paragraph\">Kitabxanadan&nbsp;<a href=\"https:\/\/azertag.az\/\" target=\"_blank\" rel=\"noreferrer noopener\">AZ\u018fRTAC<\/a>-a bildirilib ki, s\u0259rgid\u0259 b\u0259st\u0259kar\u0131n \u201c\u00d6n s\u00f6z\u201d m\u00fc\u0259llifi, redaktoru oldu\u011fu, r\u0259y\u00e7i, layih\u0259 r\u0259hb\u0259ri, m\u0259sl\u0259h\u0259t\u00e7isi, monoqrafiyalar\u0131, nota al\u0131nm\u0131\u015f \u0259s\u0259rl\u0259ri, elmi f\u0259aliyy\u0259ti, Az\u0259rbaycan v\u0259 rus dilind\u0259 \u00e7ap olunan \u0259d\u0259biyyatlar, d\u00f6vri m\u0259tbuat materiallar\u0131 n\u00fcmayi\u015f olunur.<\/p>\n\n\n\n<p class=\"wp-block-paragraph\">G\u00fclnaz Abdullazad\u0259 Az\u0259rbaycan v\u0259 d\u00fcnya musiqisinin f\u0259ls\u0259fi probleml\u0259rin\u0259 v\u0259 Az\u0259rbaycan b\u0259st\u0259karlar\u0131n\u0131n yarad\u0131c\u0131l\u0131\u011f\u0131na dair bir s\u0131ra \u0259s\u0259rl\u0259rin m\u00fc\u0259llifidir. O, \u201cAz\u0259rbaycan mu\u011famlar\u0131n\u0131n f\u0259ls\u0259fi mahiyy\u0259ti\u201d (1983), \u201cMusiqi s\u0259n\u0259tinin f\u0259ls\u0259fi mahiyy\u0259ti\u201d (1985), \u201cMusiqi, insan, c\u0259miyy\u0259t\u201d (1991), \u201cAz\u0259rbaycan f\u0259ls\u0259f\u0259si\u201d (h\u0259mm\u00fc\u0259llif, 1993), \u201cQ\u0259dim v\u0259 orta \u0259srl\u0259rin musiqi m\u0259d\u0259niyy\u0259ti\u201d (1996), \u201cHegelin musiqi estetikas\u0131\u201d (1999) v\u0259 s. monoqrafiyalar\u0131n\u0131 yazark\u0259n b\u00fct\u00f6vl\u00fckd\u0259 mu\u011famlar\u0131n v\u0259 folklor musiqisinin f\u0259ls\u0259fi mahiyy\u0259tin\u0259 \u0259saslan\u0131b.<\/p>\n\n\n\n<p class=\"wp-block-paragraph\">M\u0259nb\u0259:\u00a0<a href=\"https:\/\/azertag.az\/\">https:\/\/azertag.az\/<\/a><\/p>\n","protected":false},"excerpt":{"rendered":"<p>Milli Kitabxanada b\u0259st\u0259kar-musiqi\u015f\u00fcnas, professor G\u00fclnaz Abutal\u0131b q\u0131z\u0131 Abdullazad\u0259nin 80 illik yubileyin\u0259 h\u0259sr olunmu\u015f \u201c\u018fm\u0259kdar inc\u0259s\u0259n\u0259t xadimi G\u00fclnaz Abdullazad\u0259\u201d adl\u0131 \u0259n\u0259n\u0259vi kitab s\u0259rgisi istifad\u0259\u00e7il\u0259r\u0259 t\u0259qdim olunub. Kitabxanadan&nbsp;AZ\u018fRTAC-a bildirilib ki, s\u0259rgid\u0259 b\u0259st\u0259kar\u0131n \u201c\u00d6n s\u00f6z\u201d m\u00fc\u0259llifi, redaktoru oldu\u011fu, r\u0259y\u00e7i, layih\u0259 r\u0259hb\u0259ri, m\u0259sl\u0259h\u0259t\u00e7isi, monoqrafiyalar\u0131, nota al\u0131nm\u0131\u015f \u0259s\u0259rl\u0259ri, elmi f\u0259aliyy\u0259ti, Az\u0259rbaycan v\u0259 rus dilind\u0259 \u00e7ap olunan \u0259d\u0259biyyatlar, d\u00f6vri m\u0259tbuat materiallar\u0131 &hellip; <\/p>\n","protected":false},"author":2,"featured_media":0,"comment_status":"open","ping_status":"open","sticky":false,"template":"","format":"standard","meta":{"footnotes":""},"categories":[49],"tags":[],"class_list":["post-53204","post","type-post","status-publish","format-standard","hentry","category-medeniyyat","latest_post"],"_links":{"self":[{"href":"https:\/\/edebiyyat-az.com\/index.php?rest_route=\/wp\/v2\/posts\/53204","targetHints":{"allow":["GET"]}}],"collection":[{"href":"https:\/\/edebiyyat-az.com\/index.php?rest_route=\/wp\/v2\/posts"}],"about":[{"href":"https:\/\/edebiyyat-az.com\/index.php?rest_route=\/wp\/v2\/types\/post"}],"author":[{"embeddable":true,"href":"https:\/\/edebiyyat-az.com\/index.php?rest_route=\/wp\/v2\/users\/2"}],"replies":[{"embeddable":true,"href":"https:\/\/edebiyyat-az.com\/index.php?rest_route=%2Fwp%2Fv2%2Fcomments&post=53204"}],"version-history":[{"count":1,"href":"https:\/\/edebiyyat-az.com\/index.php?rest_route=\/wp\/v2\/posts\/53204\/revisions"}],"predecessor-version":[{"id":53215,"href":"https:\/\/edebiyyat-az.com\/index.php?rest_route=\/wp\/v2\/posts\/53204\/revisions\/53215"}],"wp:attachment":[{"href":"https:\/\/edebiyyat-az.com\/index.php?rest_route=%2Fwp%2Fv2%2Fmedia&parent=53204"}],"wp:term":[{"taxonomy":"category","embeddable":true,"href":"https:\/\/edebiyyat-az.com\/index.php?rest_route=%2Fwp%2Fv2%2Fcategories&post=53204"},{"taxonomy":"post_tag","embeddable":true,"href":"https:\/\/edebiyyat-az.com\/index.php?rest_route=%2Fwp%2Fv2%2Ftags&post=53204"}],"curies":[{"name":"wp","href":"https:\/\/api.w.org\/{rel}","templated":true}]}}