{"id":53205,"date":"2026-09-06T06:00:00","date_gmt":"2026-09-06T02:00:00","guid":{"rendered":"https:\/\/edebiyyat-az.com\/?p=53205"},"modified":"2026-09-06T11:46:15","modified_gmt":"2026-09-06T07:46:15","slug":"musiqisunas-bu-gun-musiqiy%c9%99-yenid%c9%99n-qulaq-asmagi-oyr%c9%99nm%c9%99k-lazimdir","status":"publish","type":"post","link":"https:\/\/edebiyyat-az.com\/?p=53205","title":{"rendered":"Musiqi\u015f\u00fcnas: Bu g\u00fcn musiqiy\u0259 yenid\u0259n qulaq asma\u011f\u0131 \u00f6yr\u0259nm\u0259k laz\u0131md\u0131r"},"content":{"rendered":"\n<figure class=\"wp-block-image size-large\"><img decoding=\"async\" src=\"https:\/\/azertag.az\/files\/2026\/3\/1200x630\/1788576267493205397_1200x630.jpeg\" alt=\"\"\/><\/figure>\n\n\n\n<p class=\"wp-block-paragraph\">Bu g\u00fcn yeni musiqi il\u0259 tan\u0131\u015fl\u0131q getdikc\u0259 daha \u00e7ox sosial \u015f\u0259b\u0259k\u0259l\u0259rd\u0259ki q\u0131sa fraqmentd\u0259n ba\u015flay\u0131r. \u201cMIDiA Research\u201d \u015firk\u0259tinin 10 mind\u0259n \u00e7ox istehlak\u00e7\u0131 aras\u0131nda apard\u0131\u011f\u0131 ara\u015fd\u0131rma g\u00f6st\u0259rir ki, dinl\u0259yicil\u0259rin 52 faizi son bir ay \u0259rzind\u0259 sosial \u015f\u0259b\u0259k\u0259l\u0259rd\u0259 e\u015fitdikd\u0259n sonra musiqiy\u0259 qulaq asma\u011fa ba\u015flay\u0131b. Lakin bir \u00e7oxlar\u0131 \u00fc\u00e7\u00fcn \u0259s\u0259rl\u0259 tan\u0131\u015fl\u0131q el\u0259 bununla da bitir \u2013 istifad\u0259\u00e7i fraqmenti e\u015fidir, amma h\u0259mi\u015f\u0259 musiqini dinl\u0259m\u0259y\u0259 davam etmir v\u0259 ya ifa\u00e7\u0131n\u0131n yarad\u0131c\u0131l\u0131\u011f\u0131 il\u0259 tan\u0131\u015f olmur.<\/p>\n\n\n\n<p class=\"wp-block-paragraph\">Bunun fonunda musiqinin \u00f6z\u00fcn\u00fcn qavran\u0131lmas\u0131 da d\u0259yi\u015fir. Yeni kompozisiyaya maraq g\u00f6st\u0259rm\u0259k \u00fc\u00e7\u00fcn bir ne\u00e7\u0259 saniy\u0259 kifay\u0259tdir, lakin \u0259s\u0259ri b\u00fct\u00f6vl\u00fckd\u0259 e\u015fitm\u0259k v\u0259 anlamaq \u00fc\u00e7\u00fcn daha \u00e7ox vaxt v\u0259 diqq\u0259t t\u0259l\u0259b olunur.<\/p>\n\n\n\n<p class=\"wp-block-paragraph\">Bunu&nbsp;<a href=\"https:\/\/azertag.az\/\" target=\"_blank\" rel=\"noreferrer noopener\">AZ\u018fRTAC<\/a>-\u0131n m\u00fcxbirin\u0259 s\u00f6hb\u0259tind\u0259 s\u0259n\u0259t\u015f\u00fcnasl\u0131q \u00fczr\u0259 f\u0259ls\u0259f\u0259 doktoru, musiqi\u015f\u00fcnas Ayt\u0259n Bax\u015f\u0131yeva deyib.<\/p>\n\n\n\n<p class=\"wp-block-paragraph\">Onun s\u00f6zl\u0259rin\u0259 g\u00f6r\u0259, \u0259vv\u0259ll\u0259r musiqiy\u0259 qulaq asmaq m\u00fc\u0259yy\u0259n m\u0259nada hadis\u0259 idi: insanlar albomlar v\u0259 ya kasetl\u0259r al\u0131r, radio verili\u015fl\u0259rini g\u00f6zl\u0259yir, konsertl\u0259r\u0259 gedir v\u0259 musiqiy\u0259 ayr\u0131ca diqq\u0259t ay\u0131r\u0131rd\u0131lar. Bu, t\u0259kc\u0259 z\u00f6vq m\u0259nb\u0259yi deyil, h\u0259m d\u0259 m\u00fczakir\u0259 v\u0259 yeni \u0259s\u0259rl\u0259rl\u0259 tan\u0131\u015fl\u0131q \u00fc\u00e7\u00fcn bir f\u00fcrs\u0259t\u0259 \u00e7evrilirdi.<\/p>\n\n\n\n<p class=\"wp-block-paragraph\">\u201cBu g\u00fcn musiqi h\u0259yat\u0131m\u0131z\u0131n dem\u0259k olar ki, b\u00fct\u00fcn anlar\u0131nda, \u2013 yolda, i\u015f zaman\u0131, idmanla m\u0259\u015f\u011ful olark\u0259n v\u0259 sosial \u015f\u0259b\u0259k\u0259l\u0259rd\u0259ki q\u0131sa videolar \u00fc\u00e7\u00fcn fon kimi, \u2013 m\u00f6vcuddur. Bir s\u00f6zl\u0259, hadis\u0259 g\u00fcnd\u0259lik h\u0259yat\u0131n bir hiss\u0259sin\u0259 \u00e7evrilib\u201d, \u2013 dey\u0259 A.Bax\u015f\u0131yeva qeyd edib.<\/p>\n\n\n\n<figure class=\"wp-block-image\"><img decoding=\"async\" src=\"https:\/\/azertag.az\/store\/manual\/2026_09_04_6a9abe73950d6.jpeg\" alt=\"\"\/><\/figure>\n\n\n\n<p class=\"wp-block-paragraph\">Bununla yana\u015f\u0131, ekspert hesab edir ki, m\u00fcasir d\u0259yi\u015fiklikl\u0259ri yaln\u0131z m\u0259nfi qiym\u0259tl\u0259ndirm\u0259k olmaz. Onun s\u00f6zl\u0259rin\u0259 g\u00f6r\u0259, bu g\u00fcn musiqiy\u0259 \u00e7\u0131x\u0131\u015f imkanlar\u0131 \u0259vv\u0259lkind\u0259n xeyli geni\u015fdir. \u018fvv\u0259ll\u0259r klassik v\u0259 ya estrada musiqisini \u00e7ox vaxt yaln\u0131z konsert salonunda, radio v\u0259 ya televiziyada e\u015fitm\u0259k m\u00fcmk\u00fcn idis\u0259, indi d\u00fcnyan\u0131n ist\u0259nil\u0259n yerind\u0259 yarad\u0131lm\u0131\u015f \u0259s\u0259r dem\u0259k olar ki, d\u0259rhal \u0259l\u00e7atan olur.<\/p>\n\n\n\n<p class=\"wp-block-paragraph\">\u201cBir t\u0259r\u0259fd\u0259n, bu, b\u00f6y\u00fck imkand\u0131r. Dig\u0259r t\u0259r\u0259fd\u0259n, bel\u0259 bolluq b\u0259z\u0259n dinl\u0259m\u0259nin \u00f6z\u00fcn\u00fc s\u0259thi proses\u0259 \u00e7evirir\u201d, \u2013 dey\u0259 musiqi\u015f\u00fcnas bildirir.<\/p>\n\n\n\n<p class=\"wp-block-paragraph\">O qeyd edib ki, fasil\u0259siz informasiya ax\u0131n\u0131 \u015f\u0259raitind\u0259 insan getdikc\u0259 daha tez bir \u0259s\u0259rd\u0259n dig\u0259rin\u0259 ke\u00e7ir v\u0259 onun daxili inki\u015faf\u0131n\u0131 dinl\u0259yib qavrama\u011fa macal tapm\u0131r.<\/p>\n\n\n\n<p class=\"wp-block-paragraph\">\u201cMusiqi\u015f\u00fcnas kimi m\u0259nim \u00fc\u00e7\u00fcn m\u0259hz bu x\u00fcsusiyy\u0259t daha maraql\u0131d\u0131r: biz art\u0131q musiqiy\u0259 qulaq asmaqdan daha \u00e7ox, onu \u201c\u00f6t\u00fcr\u00fcb ke\u00e7irik\u201d. Bir \u0259s\u0259rd\u0259n dig\u0259rin\u0259 \u00e7ox s\u00fcr\u0259tl\u0259 ke\u00e7ir v\u0259 b\u0259z\u0259n n\u0259 onun daxili dramaturgiyas\u0131n\u0131, n\u0259 inki\u015faf prosesini, h\u0259tta n\u0259 d\u0259 pauzalar\u0131 hiss edirik\u201d, \u2013 dey\u0259 h\u0259ms\u00f6hb\u0259timiz vur\u011fulay\u0131b.<\/p>\n\n\n\n<p class=\"wp-block-paragraph\">Onun fikrinc\u0259, yax\u015f\u0131 musiqi h\u0259mi\u015f\u0259 ilk saniy\u0259l\u0259rd\u0259n \u00f6z\u00fcn\u00fc b\u00fcruz\u0259 vermir \u2013 \u00e7ox vaxt onun m\u0259zmunu m\u0259hz zaman ke\u00e7dikc\u0259 daha ayd\u0131n olur. Klassik \u0259s\u0259rin, simfoniyan\u0131n, operan\u0131n, baletin v\u0259 h\u0259tta yax\u015f\u0131 yaz\u0131lm\u0131\u015f mahn\u0131n\u0131n m\u0259nas\u0131 yaln\u0131z \u0259n parlaq fraqmentd\u0259 deyil, h\u0259m d\u0259 \u0259s\u0259rin b\u00fct\u00f6vl\u00fcy\u00fcnd\u0259dir.<\/p>\n\n\n\n<p class=\"wp-block-paragraph\">\u201cD\u00fc\u015f\u00fcn\u00fcr\u0259m ki, bu g\u00fcn bizim \u0259sas ehtiyac\u0131m\u0131z sad\u0259c\u0259 musiqini e\u015fitm\u0259k deyil, ona yenid\u0259n qulaq asma\u011f\u0131 \u00f6yr\u0259nm\u0259kdir\u201d, \u2013 dey\u0259 A.Bax\u015f\u0131yeva fikrini yekunla\u015fd\u0131r\u0131b.<\/p>\n\n\n\n<p class=\"wp-block-paragraph\"><sub><em><strong>M\u00fcxbir \u2013 Lal\u0259 Minasazova<\/strong><\/em><\/sub><\/p>\n\n\n\n<p class=\"wp-block-paragraph\">M\u0259nb\u0259:\u00a0<a href=\"https:\/\/azertag.az\/\">https:\/\/azertag.az\/<\/a><\/p>\n","protected":false},"excerpt":{"rendered":"<p>Bu g\u00fcn yeni musiqi il\u0259 tan\u0131\u015fl\u0131q getdikc\u0259 daha \u00e7ox sosial \u015f\u0259b\u0259k\u0259l\u0259rd\u0259ki q\u0131sa fraqmentd\u0259n ba\u015flay\u0131r. \u201cMIDiA Research\u201d \u015firk\u0259tinin 10 mind\u0259n \u00e7ox istehlak\u00e7\u0131 aras\u0131nda apard\u0131\u011f\u0131 ara\u015fd\u0131rma g\u00f6st\u0259rir ki, dinl\u0259yicil\u0259rin 52 faizi son bir ay \u0259rzind\u0259 sosial \u015f\u0259b\u0259k\u0259l\u0259rd\u0259 e\u015fitdikd\u0259n sonra musiqiy\u0259 qulaq asma\u011fa ba\u015flay\u0131b. Lakin bir \u00e7oxlar\u0131 \u00fc\u00e7\u00fcn \u0259s\u0259rl\u0259 tan\u0131\u015fl\u0131q el\u0259 bununla da bitir \u2013 istifad\u0259\u00e7i fraqmenti e\u015fidir, &hellip; <\/p>\n","protected":false},"author":2,"featured_media":0,"comment_status":"open","ping_status":"open","sticky":false,"template":"","format":"standard","meta":{"footnotes":""},"categories":[49],"tags":[],"class_list":["post-53205","post","type-post","status-publish","format-standard","hentry","category-medeniyyat","latest_post"],"_links":{"self":[{"href":"https:\/\/edebiyyat-az.com\/index.php?rest_route=\/wp\/v2\/posts\/53205","targetHints":{"allow":["GET"]}}],"collection":[{"href":"https:\/\/edebiyyat-az.com\/index.php?rest_route=\/wp\/v2\/posts"}],"about":[{"href":"https:\/\/edebiyyat-az.com\/index.php?rest_route=\/wp\/v2\/types\/post"}],"author":[{"embeddable":true,"href":"https:\/\/edebiyyat-az.com\/index.php?rest_route=\/wp\/v2\/users\/2"}],"replies":[{"embeddable":true,"href":"https:\/\/edebiyyat-az.com\/index.php?rest_route=%2Fwp%2Fv2%2Fcomments&post=53205"}],"version-history":[{"count":1,"href":"https:\/\/edebiyyat-az.com\/index.php?rest_route=\/wp\/v2\/posts\/53205\/revisions"}],"predecessor-version":[{"id":53216,"href":"https:\/\/edebiyyat-az.com\/index.php?rest_route=\/wp\/v2\/posts\/53205\/revisions\/53216"}],"wp:attachment":[{"href":"https:\/\/edebiyyat-az.com\/index.php?rest_route=%2Fwp%2Fv2%2Fmedia&parent=53205"}],"wp:term":[{"taxonomy":"category","embeddable":true,"href":"https:\/\/edebiyyat-az.com\/index.php?rest_route=%2Fwp%2Fv2%2Fcategories&post=53205"},{"taxonomy":"post_tag","embeddable":true,"href":"https:\/\/edebiyyat-az.com\/index.php?rest_route=%2Fwp%2Fv2%2Ftags&post=53205"}],"curies":[{"name":"wp","href":"https:\/\/api.w.org\/{rel}","templated":true}]}}