{"id":53206,"date":"2026-09-06T07:00:00","date_gmt":"2026-09-06T03:00:00","guid":{"rendered":"https:\/\/edebiyyat-az.com\/?p=53206"},"modified":"2026-09-06T11:49:51","modified_gmt":"2026-09-06T07:49:51","slug":"ic%c9%99ris%c9%99h%c9%99rd%c9%99-sanliurfanin-z%c9%99ngin-m%c9%99d%c9%99ni-irsi-numayis-olunacaq","status":"publish","type":"post","link":"https:\/\/edebiyyat-az.com\/?p=53206","title":{"rendered":"\u0130\u00e7\u0259ri\u015f\u0259h\u0259rd\u0259 \u015eanl\u0131urfan\u0131n z\u0259ngin m\u0259d\u0259ni irsi n\u00fcmayi\u015f olunacaq"},"content":{"rendered":"\n<figure class=\"wp-block-image size-large\"><img decoding=\"async\" src=\"https:\/\/azertag.az\/files\/2026\/3\/1200x630\/17885957884337936710_1200x630.jpg\" alt=\"\"\/><\/figure>\n\n\n\n<p class=\"wp-block-paragraph\">\u015eanl\u0131urfa minillikl\u0259r\u0259 s\u00f6yk\u0259n\u0259n tarixi, \u00f6z\u00fcn\u0259m\u0259xsus m\u0259tb\u0259xi v\u0259 musiqi \u0259n\u0259n\u0259l\u0259ri il\u0259 T\u00fcrkiy\u0259nin \u0259n z\u0259ngin \u015f\u0259h\u0259rl\u0259rind\u0259n biridir. Bu bax\u0131mdan iki g\u00fcn davam ed\u0259c\u0259k \u201c\u015eanl\u0131urfa M\u0259d\u0259niyy\u0259t G\u00fcnl\u0259ri\u201d x\u00fcsusi \u0259h\u0259miyy\u0259t k\u0259sb edir. Festival \u00e7\u0259r\u00e7iv\u0259sind\u0259 \u015eanl\u0131urfan\u0131n z\u0259ngin m\u0259d\u0259ni irsi, f\u0259rqli sivilizasiyalar\u0131n izl\u0259rini ya\u015fadan d\u0259y\u0259rl\u0259ri v\u0259 q\u0259dim \u0259n\u0259n\u0259l\u0259ri n\u00fcmayi\u015f olunacaq.<\/p>\n\n\n\n<p class=\"wp-block-paragraph\"><a href=\"https:\/\/azertag.az\/\" target=\"_blank\" rel=\"noreferrer noopener\">AZ\u018fRTAC<\/a>&nbsp;x\u0259b\u0259r verir ki, bu s\u00f6zl\u0259ri \u201c\u0130\u00e7\u0259ri\u015f\u0259h\u0259r\u201d D\u00f6vl\u0259t Tarix-Memarl\u0131q Qoru\u011fu \u0130dar\u0259sinin Aparat r\u0259hb\u0259rinin m\u00fcavini R\u0259na N\u0259sirova-Mustafayeva sentyabr\u0131n 5-d\u0259 \u201cTarixin q\u0259lbi X\u0259z\u0259rin sahilind\u0259: \u015eanl\u0131urfa M\u0259d\u0259niyy\u0259t G\u00fcnl\u0259ri\u201d \u00e7\u0259r\u00e7iv\u0259sind\u0259 t\u0259\u015fkil olunan m\u0259tbuat konfrans\u0131nda deyib.<\/p>\n\n\n\n<p class=\"wp-block-paragraph\">O bildirib ki, \u0130\u00e7\u0259ri\u015f\u0259h\u0259rd\u0259, Qo\u015fa Qala qap\u0131s\u0131 meydan\u0131nda qurulan stendl\u0259rd\u0259 \u015eanl\u0131urfan\u0131n tarixi, m\u0259d\u0259niyy\u0259ti, \u0259l i\u015fl\u0259ri v\u0259 yerli m\u0259hsullar\u0131 t\u0259qdim edilir. Festival \u00e7\u0259r\u00e7iv\u0259sind\u0259, h\u0259m\u00e7inin r\u0259ngar\u0259ng konsert proqramlar\u0131, s\u0259hn\u0259 \u00e7\u0131x\u0131\u015flar\u0131 v\u0259 interaktiv f\u0259aliyy\u0259tl\u0259r n\u0259z\u0259rd\u0259 tutulub.<\/p>\n\n\n\n<p class=\"wp-block-paragraph\">R\u0259na N\u0259sirova-Mustafayeva vur\u011fulay\u0131b ki, t\u0259\u015fkil olunan bu festival paytaxt sakinl\u0259rin\u0259 v\u0259 \u015f\u0259h\u0259rimizin qonaqlar\u0131na \u015eanl\u0131urfan\u0131n z\u0259ngin m\u0259d\u0259niyy\u0259tini, k\u00f6kl\u00fc \u0259n\u0259n\u0259l\u0259rini daha yax\u0131ndan tan\u0131ma\u011fa geni\u015f imkan yaradacaq.<\/p>\n\n\n\n<p class=\"wp-block-paragraph\"><sub><em><strong>M\u00fcxbir &#8211; G\u00fclay N\u0259z\u0259rova<\/strong><\/em><\/sub><\/p>\n\n\n\n<p class=\"wp-block-paragraph\"><sub><em><strong>Fotoqraf &#8211; Tofiq Babayev<\/strong><\/em><\/sub><\/p>\n\n\n\n<p class=\"wp-block-paragraph\">M\u0259nb\u0259:\u00a0<a href=\"https:\/\/azertag.az\/\">https:\/\/azertag.az\/<\/a><\/p>\n","protected":false},"excerpt":{"rendered":"<p>\u015eanl\u0131urfa minillikl\u0259r\u0259 s\u00f6yk\u0259n\u0259n tarixi, \u00f6z\u00fcn\u0259m\u0259xsus m\u0259tb\u0259xi v\u0259 musiqi \u0259n\u0259n\u0259l\u0259ri il\u0259 T\u00fcrkiy\u0259nin \u0259n z\u0259ngin \u015f\u0259h\u0259rl\u0259rind\u0259n biridir. Bu bax\u0131mdan iki g\u00fcn davam ed\u0259c\u0259k \u201c\u015eanl\u0131urfa M\u0259d\u0259niyy\u0259t G\u00fcnl\u0259ri\u201d x\u00fcsusi \u0259h\u0259miyy\u0259t k\u0259sb edir. Festival \u00e7\u0259r\u00e7iv\u0259sind\u0259 \u015eanl\u0131urfan\u0131n z\u0259ngin m\u0259d\u0259ni irsi, f\u0259rqli sivilizasiyalar\u0131n izl\u0259rini ya\u015fadan d\u0259y\u0259rl\u0259ri v\u0259 q\u0259dim \u0259n\u0259n\u0259l\u0259ri n\u00fcmayi\u015f olunacaq. AZ\u018fRTAC&nbsp;x\u0259b\u0259r verir ki, bu s\u00f6zl\u0259ri \u201c\u0130\u00e7\u0259ri\u015f\u0259h\u0259r\u201d D\u00f6vl\u0259t Tarix-Memarl\u0131q Qoru\u011fu \u0130dar\u0259sinin Aparat &hellip; <\/p>\n","protected":false},"author":2,"featured_media":0,"comment_status":"open","ping_status":"open","sticky":false,"template":"","format":"standard","meta":{"footnotes":""},"categories":[49],"tags":[],"class_list":["post-53206","post","type-post","status-publish","format-standard","hentry","category-medeniyyat","latest_post"],"_links":{"self":[{"href":"https:\/\/edebiyyat-az.com\/index.php?rest_route=\/wp\/v2\/posts\/53206","targetHints":{"allow":["GET"]}}],"collection":[{"href":"https:\/\/edebiyyat-az.com\/index.php?rest_route=\/wp\/v2\/posts"}],"about":[{"href":"https:\/\/edebiyyat-az.com\/index.php?rest_route=\/wp\/v2\/types\/post"}],"author":[{"embeddable":true,"href":"https:\/\/edebiyyat-az.com\/index.php?rest_route=\/wp\/v2\/users\/2"}],"replies":[{"embeddable":true,"href":"https:\/\/edebiyyat-az.com\/index.php?rest_route=%2Fwp%2Fv2%2Fcomments&post=53206"}],"version-history":[{"count":1,"href":"https:\/\/edebiyyat-az.com\/index.php?rest_route=\/wp\/v2\/posts\/53206\/revisions"}],"predecessor-version":[{"id":53217,"href":"https:\/\/edebiyyat-az.com\/index.php?rest_route=\/wp\/v2\/posts\/53206\/revisions\/53217"}],"wp:attachment":[{"href":"https:\/\/edebiyyat-az.com\/index.php?rest_route=%2Fwp%2Fv2%2Fmedia&parent=53206"}],"wp:term":[{"taxonomy":"category","embeddable":true,"href":"https:\/\/edebiyyat-az.com\/index.php?rest_route=%2Fwp%2Fv2%2Fcategories&post=53206"},{"taxonomy":"post_tag","embeddable":true,"href":"https:\/\/edebiyyat-az.com\/index.php?rest_route=%2Fwp%2Fv2%2Ftags&post=53206"}],"curies":[{"name":"wp","href":"https:\/\/api.w.org\/{rel}","templated":true}]}}