{"id":53207,"date":"2026-09-06T08:00:00","date_gmt":"2026-09-06T04:00:00","guid":{"rendered":"https:\/\/edebiyyat-az.com\/?p=53207"},"modified":"2026-09-06T11:51:41","modified_gmt":"2026-09-06T07:51:41","slug":"lavalda-turkiy%c9%99-v%c9%99-az%c9%99rbaycan-m%c9%99d%c9%99niyy%c9%99ti-numayis-olunub","status":"publish","type":"post","link":"https:\/\/edebiyyat-az.com\/?p=53207","title":{"rendered":"Lavalda T\u00fcrkiy\u0259 v\u0259 Az\u0259rbaycan m\u0259d\u0259niyy\u0259ti n\u00fcmayi\u015f olunub"},"content":{"rendered":"\n<figure class=\"wp-block-image size-large is-resized\"><img decoding=\"async\" src=\"https:\/\/azertag.az\/files\/galleryphoto\/2026\/3\/1200x630\/17886265585868741349_1200x630.jpg\" alt=\"\" style=\"width:840px;height:auto\"\/><\/figure>\n\n\n\n<p class=\"wp-block-paragraph\">Fransan\u0131n Laval \u015f\u0259h\u0259rind\u0259 160-dan \u00e7ox assosiasiyan\u0131n i\u015ftirak etdiyi Assosiasiyalar Forumunda T\u00fcrkiy\u0259 v\u0259 Az\u0259rbaycan m\u0259d\u0259niyy\u0259ti, milli d\u0259y\u0259rl\u0259ri v\u0259 m\u0259tb\u0259xi t\u0259qdim olunub<\/p>\n\n\n\n<p class=\"wp-block-paragraph\"><a href=\"https:\/\/azertag.az\/\" target=\"_blank\" rel=\"noreferrer noopener\">AZ\u018fRTAC<\/a>&nbsp;x\u0259b\u0259r verir ki, t\u0259dbird\u0259 T\u00fcrk v\u0259 Az\u0259rbaycan Assosiasiyas\u0131n\u0131n (Association Turque et Azerba\u00efdjanais ATA) g\u0259nc k\u00f6n\u00fcll\u00fcl\u0259ri f\u0259al i\u015ftirak ed\u0259r\u0259k, Az\u0259rbaycan\u0131n tarixi, m\u0259d\u0259niyy\u0259ti v\u0259 milli irsi haqq\u0131nda m\u0259lumat veribl\u0259r.<\/p>\n\n\n\n<p class=\"wp-block-paragraph\">Az\u0259rbaycan stendind\u0259 \u00f6lk\u0259mizin tarixi, musiqisi v\u0259 m\u0259d\u0259niyy\u0259t abid\u0259l\u0259rin\u0259 dair Heyd\u0259r \u018fliyev Fondunun frans\u0131z dilind\u0259 d\u0259rc etdiyi kitablar v\u0259 bro\u015f\u00fcrl\u0259r n\u00fcmayi\u015f etdirilib.<\/p>\n\n\n\n<p class=\"wp-block-paragraph\">Az\u0259rbaycan Bayra\u011f\u0131 formas\u0131nda haz\u0131rlanm\u0131\u015f tort \u015f\u0259h\u0259r b\u0259l\u0259diyy\u0259sinin s\u0259dri v\u0259 s\u0259rgi i\u015ftirak\u00e7\u0131lar\u0131n\u0131n i\u015ftirak\u0131 il\u0259 k\u0259silib. Ziyar\u0259t\u00e7il\u0259r Az\u0259rbaycan m\u0259tb\u0259xinin l\u0259ziz t\u0259amlar\u0131na \u2013 tort, milli \u015firniyyat v\u0259 \u00e7aya qonaq edilibl\u0259r.<\/p>\n\n\n\n<p class=\"wp-block-paragraph\">Forum i\u015ftirak\u00e7\u0131lar\u0131 Az\u0259rbaycan v\u0259 T\u00fcrkiy\u0259 m\u0259d\u0259niyy\u0259ti v\u0259 \u015firniyyatlar\u0131n\u0131 y\u00fcks\u0259k qiym\u0259tl\u0259ndir\u0259r\u0259k g\u0259nc k\u00f6n\u00fcll\u00fcl\u0259r\u0259 t\u0259\u015f\u0259kk\u00fcrl\u0259rini bildiribl\u0259r. B\u0259zi ziyar\u0259t\u00e7il\u0259r Az\u0259rbaycan v\u0259 t\u00fcrk k\u00f6n\u00fcll\u00fcl\u0259ri il\u0259 daha \u0259vv\u0259l Novruz Festival\u0131nda g\u00f6r\u00fc\u015fd\u00fckl\u0259rini v\u0259 onlar\u0131n f\u0259aliyy\u0259tini xat\u0131rlad\u0131qlar\u0131n\u0131 qeyd edibl\u0259r.<\/p>\n\n\n\n<p class=\"wp-block-paragraph\">M\u0259nb\u0259:\u00a0<a href=\"https:\/\/azertag.az\/\">https:\/\/azertag.az\/<\/a><\/p>\n","protected":false},"excerpt":{"rendered":"<p>Fransan\u0131n Laval \u015f\u0259h\u0259rind\u0259 160-dan \u00e7ox assosiasiyan\u0131n i\u015ftirak etdiyi Assosiasiyalar Forumunda T\u00fcrkiy\u0259 v\u0259 Az\u0259rbaycan m\u0259d\u0259niyy\u0259ti, milli d\u0259y\u0259rl\u0259ri v\u0259 m\u0259tb\u0259xi t\u0259qdim olunub AZ\u018fRTAC&nbsp;x\u0259b\u0259r verir ki, t\u0259dbird\u0259 T\u00fcrk v\u0259 Az\u0259rbaycan Assosiasiyas\u0131n\u0131n (Association Turque et Azerba\u00efdjanais ATA) g\u0259nc k\u00f6n\u00fcll\u00fcl\u0259ri f\u0259al i\u015ftirak ed\u0259r\u0259k, Az\u0259rbaycan\u0131n tarixi, m\u0259d\u0259niyy\u0259ti v\u0259 milli irsi haqq\u0131nda m\u0259lumat veribl\u0259r. Az\u0259rbaycan stendind\u0259 \u00f6lk\u0259mizin tarixi, musiqisi v\u0259 m\u0259d\u0259niyy\u0259t abid\u0259l\u0259rin\u0259 &hellip; <\/p>\n","protected":false},"author":2,"featured_media":0,"comment_status":"open","ping_status":"open","sticky":false,"template":"","format":"standard","meta":{"footnotes":""},"categories":[49],"tags":[],"class_list":["post-53207","post","type-post","status-publish","format-standard","hentry","category-medeniyyat","latest_post"],"_links":{"self":[{"href":"https:\/\/edebiyyat-az.com\/index.php?rest_route=\/wp\/v2\/posts\/53207","targetHints":{"allow":["GET"]}}],"collection":[{"href":"https:\/\/edebiyyat-az.com\/index.php?rest_route=\/wp\/v2\/posts"}],"about":[{"href":"https:\/\/edebiyyat-az.com\/index.php?rest_route=\/wp\/v2\/types\/post"}],"author":[{"embeddable":true,"href":"https:\/\/edebiyyat-az.com\/index.php?rest_route=\/wp\/v2\/users\/2"}],"replies":[{"embeddable":true,"href":"https:\/\/edebiyyat-az.com\/index.php?rest_route=%2Fwp%2Fv2%2Fcomments&post=53207"}],"version-history":[{"count":1,"href":"https:\/\/edebiyyat-az.com\/index.php?rest_route=\/wp\/v2\/posts\/53207\/revisions"}],"predecessor-version":[{"id":53218,"href":"https:\/\/edebiyyat-az.com\/index.php?rest_route=\/wp\/v2\/posts\/53207\/revisions\/53218"}],"wp:attachment":[{"href":"https:\/\/edebiyyat-az.com\/index.php?rest_route=%2Fwp%2Fv2%2Fmedia&parent=53207"}],"wp:term":[{"taxonomy":"category","embeddable":true,"href":"https:\/\/edebiyyat-az.com\/index.php?rest_route=%2Fwp%2Fv2%2Fcategories&post=53207"},{"taxonomy":"post_tag","embeddable":true,"href":"https:\/\/edebiyyat-az.com\/index.php?rest_route=%2Fwp%2Fv2%2Ftags&post=53207"}],"curies":[{"name":"wp","href":"https:\/\/api.w.org\/{rel}","templated":true}]}}