{"id":927,"date":"2013-02-18T07:51:23","date_gmt":"2013-02-18T07:51:23","guid":{"rendered":"http:\/\/edebiyyat-az.com\/?p=927"},"modified":"2013-12-12T08:16:10","modified_gmt":"2013-12-12T08:16:10","slug":"debut-raciv-r%c9%99c%c9%99bov-k%c9%99lb%c9%99c%c9%99r-seirl%c9%99r","status":"publish","type":"post","link":"https:\/\/edebiyyat-az.com\/?p=927","title":{"rendered":"Deb\u00fct: Raciv R\u018fC\u018fBOV (K\u0259lb\u0259c\u0259r).\u015eeirl\u0259r"},"content":{"rendered":"<p><a href=\"http:\/\/edebiyyat-az.com\/wp-content\/uploads\/2013\/02\/378919_305452112890305_381999687_n.jpg\"><img loading=\"lazy\" decoding=\"async\" src=\"http:\/\/edebiyyat-az.com\/wp-content\/uploads\/2013\/02\/378919_305452112890305_381999687_n-300x225.jpg\" alt=\"378919_305452112890305_381999687_n\" width=\"300\" height=\"225\" class=\"aligncenter size-medium wp-image-6930\" srcset=\"https:\/\/edebiyyat-az.com\/wp-content\/uploads\/2013\/02\/378919_305452112890305_381999687_n-300x225.jpg 300w, https:\/\/edebiyyat-az.com\/wp-content\/uploads\/2013\/02\/378919_305452112890305_381999687_n.jpg 960w\" sizes=\"auto, (max-width: 300px) 100vw, 300px\" \/><\/a><\/p>\n<p>T\u018fRC\u00dcMEY\u0130-HAL<\/p>\n<p>Raciv Recebov 1985-ci il mart ay\u0131n\u0131n 20-d\u0259 K\u0259lb\u0259c\u0259r rayonunun \u0130sti su q\u0259s\u0259b\u0259sinde do\u011fulub. 1991-il d\u0259 \u00c7\u0131raq k\u0259nd orta m\u0259kt\u0259binde birinci sinfin\u0259 q\u0259bul olub. 2002-ci ilde K\u0259lb\u0259c\u0259r rayon 31 sayl\u0131 orta mektebi bitirb. 2009-cu ild\u0259 Sumqay\u0131t D\u00f6vl\u0259t Universitetinin Filologiya fak\u00fclt\u0259sin\u0259 daxil olub.<br \/>\nH\u0259l\u0259 orta m\u0259kt\u0259b ill\u0259rind\u0259n poeziyaya maraq g\u00f6st\u0259rir.D\u00f6vri m\u0259tbuatda ara-s\u0131ra \u015feirl\u0259ri il\u0259 \u00e7\u0131x\u0131\u015f edib.ilk \u015feirlerini 14-15 ya\u015flar\u0131nda q\u0259l\u0259m\u0259 al\u0131b.G\u0259nc yazar Raciv R\u0259c\u0259bovun \u015feirl\u0259ri, hekay\u0259l\u0259ri \u201cSumqay\u0131t Universiteti\u201d,\u201cS\u00f6z\u00fcn Sehri\u201d, \u201cYenilik Press\u201d, \u201cM\u00f6ht\u0259\u015f\u0259m Az\u0259rbaycan\u201d, \u201cElimiz.g\u00fcn\u00fcm\u00fcz\u201d q\u0259zetl\u0259rind\u0259, \u201cZiyal\u0131 Oca\u011f\u0131\u201d jurnal\u0131nda, m\u00fcxt\u0259lif \u0259d\u0259biyyat, o c\u00fcml\u0259d\u0259n M\u0259d\u0259niyy\u0259t v\u0259 \u018fd\u0259biyyat Portallar\u0131nda d\u0259rc olunub.Hal-haz\u0131rda \u201cG\u0259nc Yazarlar\u201d \u018fd\u0259bi Birliyinin v\u0259 \u201cZiyal\u0131 Oca\u011f\u0131\u201d \u0130ctimai Birliyinin \u00fczv\u00fcd\u00fcr.Sumqay\u0131t D\u00f6vl\u0259t Universitetinin m\u0259tbu orqan\u0131 \u201cSumqay\u0131t Universiteti\u201d q\u0259zeti il\u0259 s\u0131x \u0259m\u0259kda\u015fl\u0131q \u0259laq\u0259l\u0259ri saxlamaqdad\u0131r.<br \/>\n2012-ci il oktyabr ay\u0131n\u0131n 6-da \u201cZiyal\u0131 Oca\u011f\u0131\u201d \u0130ctimai Birliyinin elektron orqan\u0131 Az\u0259rbaycan\u0131n M\u0259d\u0259niyy\u0259t v\u0259 \u018fd\u0259biyyat Portal\u0131n\u0131n Birinci Qurultay\u0131nda Az\u0259rbaycan\u0131n M\u0259d\u0259niyy\u0259t v\u0259 \u018fd\u0259biyyat Portal\u0131n\u0131n Redaksiya, Yarad\u0131c\u0131, N\u00fcmay\u0259nd\u0259 Hey\u0259tl\u0259rinin \u00fczv\u00fc v\u0259 \u018fd\u0259biyyat, Publisistika, Elektron kitablar b\u00f6lm\u0259sinin \u0259m\u0259kda\u015f\u0131 se\u00e7ilmi\u015fdir.G\u0259nc yazar Raciv R\u0259c\u0259bov \u015feirl\u0259r, hekay\u0259l\u0259r, m\u0259qal\u0259l\u0259r m\u00fc\u0259llifidir.<\/p>\n<p>* * *<\/p>\n<p>M\u0259nd\u0259n sevgi umma s\u0259n,<br \/>\nSev s\u0259ssiz, h\u0259m s\u0259mirsiz.<br \/>\nD\u00fc\u015f\u0259c\u0259y\u0259m dal\u0131nca,<br \/>\nNi\u015fan\u0259siz, l\u0259pirsiz&#8230;<\/p>\n<p>Gec\u0259 ay do\u011fan kimi,<br \/>\nA\u011flad\u0131r so\u011fan kimi,<br \/>\nGec\u0259ni yor\u011fan kimi,<br \/>\n\u00dcst\u00fcm\u0259 s\u0259r x\u0259b\u0259rsiz.<\/p>\n<p>N\u0259f\u0259sin ald\u0131 sevgi,<br \/>\n\u00dcz\u00fcm\u0259 g\u00fcld\u00fc sevgi,<br \/>\n\u0130\u00e7imd\u0259 oldu sevgi,<br \/>\nBa\u015f da\u015f\u0131s\u0131z, q\u0259birsiz.<\/p>\n<p>* * *<\/p>\n<p>Var \u00fcr\u0259y\u0259 ged\u0259n yolda,<br \/>\nSevginin dar dalanlar\u0131.<br \/>\nBu yollara i\u015f\u0131q sal\u0131r,<br \/>\nSevginin a\u011f yalanlar\u0131.<\/p>\n<p>G\u00f6z ya\u015f\u0131n yana\u011f\u0131nda sel,<br \/>\n\u018flim islandl el\u0259 bil.<br \/>\n\u00d6pd\u00fcy\u00fcm barma\u011f\u0131nla sil,<br \/>\nG\u00f6z ya\u015f\u0131ndan qalanlar\u0131.<\/p>\n<p>Bulud sal\u0131r k\u00f6lg\u0259 indi,<br \/>\nBa\u011f\u0131n\u0131za yek\u0259 indi.<br \/>\nA\u011flay\u0131rsan b\u0259lk\u0259 indi,<br \/>\nYada sal\u0131b olanlar\u0131.<\/p>\n<p>* * *<\/p>\n<p>X\u0259rit\u0259d\u0259 \u0259lim boyda,<br \/>\nA\u011fz\u0131mda dilim boydasan, V\u0259t\u0259n&#8230;<br \/>\n\u0130ki u\u015faq qar\u0131\u015f\u0131 boyda,<br \/>\nBir qocan\u0131n aln\u0131n\u0131n qar\u0131\u015f\u0131 boydasan, V\u0259t\u0259n&#8230;<br \/>\nM\u0259nim\u00e7\u00fcn d\u0259rd kimis\u0259n,<br \/>\nYeyirs\u0259n m\u0259ni, V\u0259t\u0259n!<\/p>\n","protected":false},"excerpt":{"rendered":"<p>T\u018fRC\u00dcMEY\u0130-HAL Raciv Recebov 1985-ci il mart ay\u0131n\u0131n 20-d\u0259 K\u0259lb\u0259c\u0259r rayonunun \u0130sti su q\u0259s\u0259b\u0259sinde do\u011fulub. 1991-il d\u0259 \u00c7\u0131raq k\u0259nd orta m\u0259kt\u0259binde birinci sinfin\u0259 q\u0259bul olub. 2002-ci ilde K\u0259lb\u0259c\u0259r rayon 31 sayl\u0131 orta mektebi bitirb. 2009-cu ild\u0259 Sumqay\u0131t D\u00f6vl\u0259t Universitetinin Filologiya fak\u00fclt\u0259sin\u0259 daxil olub. H\u0259l\u0259 orta m\u0259kt\u0259b ill\u0259rind\u0259n poeziyaya maraq g\u00f6st\u0259rir.D\u00f6vri m\u0259tbuatda ara-s\u0131ra \u015feirl\u0259ri il\u0259 \u00e7\u0131x\u0131\u015f edib.ilk [&hellip;]<\/p>\n","protected":false},"author":1,"featured_media":0,"comment_status":"open","ping_status":"open","sticky":false,"template":"","format":"standard","meta":{"footnotes":""},"categories":[4],"tags":[],"class_list":["post-927","post","type-post","status-publish","format-standard","hentry","category-edeb"],"_links":{"self":[{"href":"https:\/\/edebiyyat-az.com\/index.php?rest_route=\/wp\/v2\/posts\/927","targetHints":{"allow":["GET"]}}],"collection":[{"href":"https:\/\/edebiyyat-az.com\/index.php?rest_route=\/wp\/v2\/posts"}],"about":[{"href":"https:\/\/edebiyyat-az.com\/index.php?rest_route=\/wp\/v2\/types\/post"}],"author":[{"embeddable":true,"href":"https:\/\/edebiyyat-az.com\/index.php?rest_route=\/wp\/v2\/users\/1"}],"replies":[{"embeddable":true,"href":"https:\/\/edebiyyat-az.com\/index.php?rest_route=%2Fwp%2Fv2%2Fcomments&post=927"}],"version-history":[{"count":6,"href":"https:\/\/edebiyyat-az.com\/index.php?rest_route=\/wp\/v2\/posts\/927\/revisions"}],"predecessor-version":[{"id":6932,"href":"https:\/\/edebiyyat-az.com\/index.php?rest_route=\/wp\/v2\/posts\/927\/revisions\/6932"}],"wp:attachment":[{"href":"https:\/\/edebiyyat-az.com\/index.php?rest_route=%2Fwp%2Fv2%2Fmedia&parent=927"}],"wp:term":[{"taxonomy":"category","embeddable":true,"href":"https:\/\/edebiyyat-az.com\/index.php?rest_route=%2Fwp%2Fv2%2Fcategories&post=927"},{"taxonomy":"post_tag","embeddable":true,"href":"https:\/\/edebiyyat-az.com\/index.php?rest_route=%2Fwp%2Fv2%2Ftags&post=927"}],"curies":[{"name":"wp","href":"https:\/\/api.w.org\/{rel}","templated":true}]}}